{"id":33640,"date":"2023-07-03T06:30:21","date_gmt":"2023-07-03T06:30:21","guid":{"rendered":"http:\/\/www.logicenters.com\/?p=33640"},"modified":"2023-07-03T06:54:04","modified_gmt":"2023-07-03T06:54:04","slug":"logicenters-forvarvar-logistikfastigheter-for-drygt-2-miljarder-kronor-fran-bockasjo-kilenkrysset-och-kilenkrysset-sweden","status":"publish","type":"post","link":"https:\/\/logicenters.sultandev.se\/sv\/logicenters-forvarvar-logistikfastigheter-for-drygt-2-miljarder-kronor-fran-bockasjo-kilenkrysset-och-kilenkrysset-sweden\/","title":{"rendered":"Logicenters f\u00f6rv\u00e4rvar logistikfastigheter f\u00f6r drygt 2 miljarder kronor fr\u00e5n Bockasj\u00f6, Kilenkrysset och Kilenkrysset Sweden"},"content":{"rendered":"<div class=\"page\" title=\"Page 1\">\n<div class=\"layoutArea\">\n<div class=\"column\">\n<p><strong>Bockasjo\u0308, Kilenkrysset och Kilenkrysset Sweden sa\u0308ljer fem fastigheter med en total uthyrningsbar yta om ca 120 000 kvadratmeter och mark om 16 000 kvadratmeter till ett underliggande fastighetsva\u0308rde om drygt 2 miljarder kronor till Logicenters. Fyra av fastigheterna som inga\u030ar i fo\u0308rva\u0308rvet a\u0308r bela\u0308gna i Rosersberg med A\u030ahle\u0301ns, Kicks och Sellpy som hyresga\u0308ster. Markomra\u030adet om 16 000 kvadratmeter utgo\u0308rs av expansionsmark granne med A\u030ahle\u0301nsfastigheten som medger byggnation av ca 12 000 kvadratmeter ny logistikyta. Den femte fastigheten utgo\u0308rs av en vakant fastighet om 20 400 kvadratmeter uthyrningsbar yta under uppfo\u0308rande i Eskilstuna Logistikpark.<\/strong><\/p>\n<p>&nbsp;<\/p>\n<\/div>\n<div class=\"page\" title=\"Page 1\">\n<div class=\"layoutArea\">\n<div class=\"column\">\n<p>Fastigheten som A\u030ahle\u0301ns fo\u0308rhyr inneha\u030aller 37 500 kvadratmeter uthyrningsbar yta och fa\u0308rdigsta\u0308lldes i december 2021. Till A\u030ahle\u0301nsfastigheten inga\u030ar en angra\u0308nsade tomt om 16 000 kvadratmeter som mo\u0308jliggo\u0308r en ta\u0308nkbar byggnation om ca 12 000 kvadratmeter ny logistikyta.<\/p>\n<p>&nbsp;<\/p>\n<p>I samma omra\u030ade uppfo\u0308rs tva\u030a fastigheter som a\u0308r uthyrda till Kicks och Sellpy. Fastigheterna a\u0308r inflyttningsklara den 1 september i a\u030ar och har en uthyrningsbar yta om 41 481 kvadratmeter respektive 20 400 kvadratmeter.<\/p>\n<p>&nbsp;<\/p>\n<p>I Eskilstuna Logistikpark uppfo\u0308r Bockasjo\u0308 en vakant logistikfastighet om 20 400 kvadratmeter uthyrningsbar yta som kommer att vara fa\u0308rdigsta\u0308lld vid a\u030arsskiftet.<\/p>\n<p>&nbsp;<\/p>\n<div class=\"page\" title=\"Page 2\">\n<div class=\"layoutArea\">\n<div class=\"column\">\n<p>A\u030ahle\u0301nsfastigheten och tomtmarken tilltra\u0308ds omga\u030aende. Kicks och Sellpy fastigheterna tilltra\u0308ds den 1 oktober i a\u030ar och fastigheten i Eskilstuna tilltra\u0308ds till va\u030aren 2024.<\/p>\n<p>&nbsp;<\/p>\n<\/div>\n<div class=\"page\" title=\"Page 3\">\n<div class=\"layoutArea\">\n<div class=\"column\">\n<p>Fastigheterna i Rosersberg har na\u0308rhet till E4, Arlanda flygplats och Stockholm vilket utgo\u0308r stora fo\u0308rutsa\u0308ttningar fo\u0308r bolag som vill etablera sin logistikverksamhet i omra\u030adet. Dessutom a\u0308r majoriteten av fastigheterna miljo\u0308certifierade enligt Breeam och genererar gro\u0308n el med hja\u0308lp av solceller.<\/p>\n<p>&nbsp;<\/p>\n<div class=\"page\" title=\"Page 3\">\n<div class=\"layoutArea\">\n<div class=\"column\">\n<p><em>&#8220;Vi a\u0308r oerho\u0308rt stolta och glada o\u0308ver va\u030ara fo\u0308rva\u0308rv i Rosersberg och Eskilstuna. Samarbetet med Bockasjo\u0308, Kilenkrysset och Kilenkrysset Sweden har varit utma\u0308rkt. De a\u0308r tre akto\u0308rer som utvecklar fastigheter som ga\u030ar i linje med va\u030ar verksamhet vilket vi ser som va\u0308ldigt positivt. Fo\u0308r Logicenters ra\u0308kenskap a\u0308r det ha\u0308r en av de sto\u0308rre affa\u0308rerna i Sverige och vi ser fram emot att befa\u0308sta va\u030ar na\u0308rvaro ytterligare i dessa attraktiva omra\u030aden. Det ska bli spa\u0308nnande att samarbeta med befintliga verksamheter och att va\u0308lkomna nya hyresga\u0308ster som vill bedriva effektiva logistikverksamheter,&#8221;<\/em> sa\u0308ger Matthias Kettelhoit, CEO pa\u030a Logicenters.<\/p>\n<p>&nbsp;<\/p>\n<div class=\"page\" title=\"Page 3\">\n<div class=\"layoutArea\">\n<div class=\"column\">\n<p><em>&#8220;Affa\u0308ren vi nu go\u0308r tillsammans med Logicenters, Bockasjo\u0308 och Kilenkrysset Sweden a\u0308r ett starkt bevis pa\u030a att goda relationer, fina samarbeten och professionellt skapande i form av byggnation och exploatering leder till positiva fo\u0308rutsa\u0308ttningar fo\u0308r sa\u030ava\u0308l fastighetsa\u0308gare som hyresga\u0308st. Jag har en stark tillfo\u0308rlit till att Logicenters kommer att fo\u0308rvalta dessa fastigheter mycket va\u0308l, som de a\u0308ven gjort med va\u030ara tidigare affa\u0308rer. Jag har en mycket positiv syn pa\u030a framtiden,&#8221;<\/em> sa\u0308ger Jan Persson vd och a\u0308gare fo\u0308r Kilenkrysset.<\/p>\n<p>&nbsp;<\/p>\n<p><em>&#8220;Den ha\u0308r affa\u0308ren a\u0308r ett styrkebesked i en sva\u030ar marknad. Logicenters har kapacitet och muskler att kunna genomfo\u0308ra en sto\u0308rre affa\u0308r vid en tidpunkt da\u030a ma\u030anga a\u0308r avvaktande \u2013 det a\u0308r starkt. Fastigheterna vi sa\u0308ljer a\u0308r toppmoderna och anpassade efter en ho\u0308g miljo\u0308standard med solceller installerade pa\u030a samtliga fyra fastigheter och bela\u0308gna pa\u030a strategiska logistikorter \u2013 Rosersberg och Eskilstuna. Logicenters a\u0308r en ledande professionell a\u0308gare av logistikfastigheter med ett betydande besta\u030and, vilket borgar fo\u0308r en bra fo\u0308rvaltning av fastigheterna,&#8221;<\/em> sa\u0308ger Joakim Hedin VD pa\u030a Bockasjo\u0308 AB.<\/p>\n<p>&nbsp;<\/p>\n<\/div>\n<\/div>\n<\/div>\n<div class=\"page\" title=\"Page 4\">\n<div class=\"layoutArea\">\n<div class=\"column\">\n<p><em>&#8220;Det ka\u0308nns va\u0308ldigt positivt att det a\u0308r Logicenters som blir ny a\u0308gare till den fastighet som vi gemensamt byggt upp tillsammans med Bockasjo\u0308. Fastigheten da\u0308r Sellpy medfo\u0308ljer som hyresga\u0308st har alla kriterier fo\u0308r en modern och klimatsmart byggnad,&#8221; sa\u0308ger Annika Persson,<\/em>\u00a0VD och a\u0308gare Kilenkrysset Sweden.<\/p>\n<div class=\"page\" title=\"Page 4\">\n<div class=\"layoutArea\">\n<div class=\"column\">\n<p>&nbsp;<\/p>\n<p><strong>Fo\u0308r ytterligare information kontakta:<\/strong><\/p>\n<p><strong>Matthias Kettelhoit,<\/strong> CEO, Logicenters E-mail: make@logicenters.com Telefon: +46 70 583 44 06<\/p>\n<p><strong>Jan Persson,<\/strong> VD och a\u0308gare Kilenkrysset E-mail: Jan.persson@kilenkrysset.se Telefon: +46 70 766 54 04<\/p>\n<p><strong>Annika Persson,<\/strong> VD och a\u0308gare Kilenkrysset Sweden E-mail: Annika.persson@kilenkrysset.se<br \/>\nTelefon: +46 70 766 53 99<\/p>\n<p><strong>Joakim Hedin,<\/strong> VD Bockasjo\u0308 E-mail: joakim@bsgr.se Telefon: +46 70 521 53 00<\/p>\n<\/div>\n<\/div>\n<\/div>\n<\/div>\n<\/div>\n<\/div>\n<\/div>\n<\/div>\n<\/div>\n<\/div>\n<\/div>\n<\/div>\n<\/div>\n<\/div>\n<\/div>\n<\/div>\n<\/div>\n<\/div>\n<\/div>\n","protected":false},"excerpt":{"rendered":"<p>Bockasjo\u0308, Kilenkrysset och Kilenkrysset Sweden sa\u0308ljer fem fastigheter med en total uthyrningsbar yta om ca 120&#8230;<\/p>\n","protected":false},"author":13,"featured_media":0,"comment_status":"closed","ping_status":"closed","sticky":false,"template":"","format":"standard","meta":{"_acf_changed":false,"footnotes":""},"categories":[81],"tags":[],"class_list":["post-33640","post","type-post","status-publish","format-standard","hentry","category-sverige"],"acf":[],"yoast_head":"<!-- This site is optimized with the Yoast SEO plugin v23.8 - https:\/\/yoast.com\/wordpress\/plugins\/seo\/ -->\n<title>Logicenters f\u00f6rv\u00e4rvar logistikfastigheter f\u00f6r drygt 2 miljarder kronor fr\u00e5n Bockasj\u00f6, Kilenkrysset och Kilenkrysset Sweden &#8211; Logicenters<\/title>\n<meta name=\"robots\" content=\"noindex, follow, max-snippet:-1, max-image-preview:large, max-video-preview:-1\" \/>\n<meta property=\"og:locale\" content=\"sv_SE\" \/>\n<meta property=\"og:type\" content=\"article\" \/>\n<meta property=\"og:title\" content=\"Logicenters f\u00f6rv\u00e4rvar logistikfastigheter f\u00f6r drygt 2 miljarder kronor fr\u00e5n Bockasj\u00f6, Kilenkrysset och Kilenkrysset Sweden &#8211; Logicenters\" \/>\n<meta property=\"og:description\" content=\"Bockasjo\u0308, Kilenkrysset och Kilenkrysset Sweden sa\u0308ljer fem fastigheter med en total uthyrningsbar yta om ca 120...\" \/>\n<meta property=\"og:url\" content=\"https:\/\/logicenters.sultandev.se\/sv\/logicenters-forvarvar-logistikfastigheter-for-drygt-2-miljarder-kronor-fran-bockasjo-kilenkrysset-och-kilenkrysset-sweden\/\" \/>\n<meta property=\"og:site_name\" content=\"Logicenters\" \/>\n<meta property=\"article:published_time\" content=\"2023-07-03T06:30:21+00:00\" \/>\n<meta property=\"article:modified_time\" content=\"2023-07-03T06:54:04+00:00\" \/>\n<meta name=\"author\" content=\"Ludwig Persson\" \/>\n<meta name=\"twitter:card\" content=\"summary_large_image\" \/>\n<meta name=\"twitter:label1\" content=\"Written by\" \/>\n\t<meta name=\"twitter:data1\" content=\"Ludwig Persson\" \/>\n\t<meta name=\"twitter:label2\" content=\"Est. reading time\" \/>\n\t<meta name=\"twitter:data2\" content=\"4 minutes\" \/>\n<script type=\"application\/ld+json\" class=\"yoast-schema-graph\">{\"@context\":\"https:\/\/schema.org\",\"@graph\":[{\"@type\":\"Article\",\"@id\":\"https:\/\/logicenters.sultandev.se\/sv\/logicenters-forvarvar-logistikfastigheter-for-drygt-2-miljarder-kronor-fran-bockasjo-kilenkrysset-och-kilenkrysset-sweden\/#article\",\"isPartOf\":{\"@id\":\"https:\/\/logicenters.sultandev.se\/sv\/logicenters-forvarvar-logistikfastigheter-for-drygt-2-miljarder-kronor-fran-bockasjo-kilenkrysset-och-kilenkrysset-sweden\/\"},\"author\":{\"name\":\"Ludwig Persson\",\"@id\":\"http:\/\/www.logicenters.sultandev.se\/#\/schema\/person\/8380cf72678e4fc57ee72471da871852\"},\"headline\":\"Logicenters f\u00f6rv\u00e4rvar logistikfastigheter f\u00f6r drygt 2 miljarder kronor fr\u00e5n Bockasj\u00f6, Kilenkrysset och Kilenkrysset Sweden\",\"datePublished\":\"2023-07-03T06:30:21+00:00\",\"dateModified\":\"2023-07-03T06:54:04+00:00\",\"mainEntityOfPage\":{\"@id\":\"https:\/\/logicenters.sultandev.se\/sv\/logicenters-forvarvar-logistikfastigheter-for-drygt-2-miljarder-kronor-fran-bockasjo-kilenkrysset-och-kilenkrysset-sweden\/\"},\"wordCount\":733,\"publisher\":{\"@id\":\"http:\/\/www.logicenters.sultandev.se\/#organization\"},\"articleSection\":[\"Sverige\"],\"inLanguage\":\"sv-SE\"},{\"@type\":\"WebPage\",\"@id\":\"https:\/\/logicenters.sultandev.se\/sv\/logicenters-forvarvar-logistikfastigheter-for-drygt-2-miljarder-kronor-fran-bockasjo-kilenkrysset-och-kilenkrysset-sweden\/\",\"url\":\"https:\/\/logicenters.sultandev.se\/sv\/logicenters-forvarvar-logistikfastigheter-for-drygt-2-miljarder-kronor-fran-bockasjo-kilenkrysset-och-kilenkrysset-sweden\/\",\"name\":\"Logicenters f\u00f6rv\u00e4rvar logistikfastigheter f\u00f6r drygt 2 miljarder kronor fr\u00e5n Bockasj\u00f6, Kilenkrysset och Kilenkrysset Sweden &#8211; Logicenters\",\"isPartOf\":{\"@id\":\"http:\/\/www.logicenters.sultandev.se\/#website\"},\"datePublished\":\"2023-07-03T06:30:21+00:00\",\"dateModified\":\"2023-07-03T06:54:04+00:00\",\"breadcrumb\":{\"@id\":\"https:\/\/logicenters.sultandev.se\/sv\/logicenters-forvarvar-logistikfastigheter-for-drygt-2-miljarder-kronor-fran-bockasjo-kilenkrysset-och-kilenkrysset-sweden\/#breadcrumb\"},\"inLanguage\":\"sv-SE\",\"potentialAction\":[{\"@type\":\"ReadAction\",\"target\":[\"https:\/\/logicenters.sultandev.se\/sv\/logicenters-forvarvar-logistikfastigheter-for-drygt-2-miljarder-kronor-fran-bockasjo-kilenkrysset-och-kilenkrysset-sweden\/\"]}]},{\"@type\":\"BreadcrumbList\",\"@id\":\"https:\/\/logicenters.sultandev.se\/sv\/logicenters-forvarvar-logistikfastigheter-for-drygt-2-miljarder-kronor-fran-bockasjo-kilenkrysset-och-kilenkrysset-sweden\/#breadcrumb\",\"itemListElement\":[{\"@type\":\"ListItem\",\"position\":1,\"name\":\"Home\",\"item\":\"https:\/\/www.logicenters.sultandev.se\/sv\/\"},{\"@type\":\"ListItem\",\"position\":2,\"name\":\"Logicenters f\u00f6rv\u00e4rvar logistikfastigheter f\u00f6r drygt 2 miljarder kronor fr\u00e5n Bockasj\u00f6, Kilenkrysset och Kilenkrysset Sweden\"}]},{\"@type\":\"WebSite\",\"@id\":\"http:\/\/www.logicenters.sultandev.se\/#website\",\"url\":\"http:\/\/www.logicenters.sultandev.se\/\",\"name\":\"Logicenters\",\"description\":\"The leader of modern logistics properties in the nordics\",\"publisher\":{\"@id\":\"http:\/\/www.logicenters.sultandev.se\/#organization\"},\"potentialAction\":[{\"@type\":\"SearchAction\",\"target\":{\"@type\":\"EntryPoint\",\"urlTemplate\":\"http:\/\/www.logicenters.sultandev.se\/?s={search_term_string}\"},\"query-input\":{\"@type\":\"PropertyValueSpecification\",\"valueRequired\":true,\"valueName\":\"search_term_string\"}}],\"inLanguage\":\"sv-SE\"},{\"@type\":\"Organization\",\"@id\":\"http:\/\/www.logicenters.sultandev.se\/#organization\",\"name\":\"Logicenters\",\"url\":\"http:\/\/www.logicenters.sultandev.se\/\",\"logo\":{\"@type\":\"ImageObject\",\"inLanguage\":\"sv-SE\",\"@id\":\"http:\/\/www.logicenters.sultandev.se\/#\/schema\/logo\/image\/\",\"url\":\"https:\/\/logicenters.sultandev.se\/uploads\/2024\/10\/LOGGA.png\",\"contentUrl\":\"https:\/\/logicenters.sultandev.se\/uploads\/2024\/10\/LOGGA.png\",\"width\":600,\"height\":74,\"caption\":\"Logicenters\"},\"image\":{\"@id\":\"http:\/\/www.logicenters.sultandev.se\/#\/schema\/logo\/image\/\"},\"sameAs\":[\"https:\/\/www.linkedin.com\/company\/logicenters\/yoast\"]},{\"@type\":\"Person\",\"@id\":\"http:\/\/www.logicenters.sultandev.se\/#\/schema\/person\/8380cf72678e4fc57ee72471da871852\",\"name\":\"Ludwig Persson\",\"sameAs\":[\"http:\/\/www.logicenters.com\"]}]}<\/script>\n<!-- \/ Yoast SEO plugin. -->","yoast_head_json":{"title":"Logicenters f\u00f6rv\u00e4rvar logistikfastigheter f\u00f6r drygt 2 miljarder kronor fr\u00e5n Bockasj\u00f6, Kilenkrysset och Kilenkrysset Sweden &#8211; Logicenters","robots":{"index":"noindex","follow":"follow","max-snippet":"max-snippet:-1","max-image-preview":"max-image-preview:large","max-video-preview":"max-video-preview:-1"},"og_locale":"sv_SE","og_type":"article","og_title":"Logicenters f\u00f6rv\u00e4rvar logistikfastigheter f\u00f6r drygt 2 miljarder kronor fr\u00e5n Bockasj\u00f6, Kilenkrysset och Kilenkrysset Sweden &#8211; Logicenters","og_description":"Bockasjo\u0308, Kilenkrysset och Kilenkrysset Sweden sa\u0308ljer fem fastigheter med en total uthyrningsbar yta om ca 120...","og_url":"https:\/\/logicenters.sultandev.se\/sv\/logicenters-forvarvar-logistikfastigheter-for-drygt-2-miljarder-kronor-fran-bockasjo-kilenkrysset-och-kilenkrysset-sweden\/","og_site_name":"Logicenters","article_published_time":"2023-07-03T06:30:21+00:00","article_modified_time":"2023-07-03T06:54:04+00:00","author":"Ludwig Persson","twitter_card":"summary_large_image","twitter_misc":{"Written by":"Ludwig Persson","Est. reading time":"4 minutes"},"schema":{"@context":"https:\/\/schema.org","@graph":[{"@type":"Article","@id":"https:\/\/logicenters.sultandev.se\/sv\/logicenters-forvarvar-logistikfastigheter-for-drygt-2-miljarder-kronor-fran-bockasjo-kilenkrysset-och-kilenkrysset-sweden\/#article","isPartOf":{"@id":"https:\/\/logicenters.sultandev.se\/sv\/logicenters-forvarvar-logistikfastigheter-for-drygt-2-miljarder-kronor-fran-bockasjo-kilenkrysset-och-kilenkrysset-sweden\/"},"author":{"name":"Ludwig Persson","@id":"http:\/\/www.logicenters.sultandev.se\/#\/schema\/person\/8380cf72678e4fc57ee72471da871852"},"headline":"Logicenters f\u00f6rv\u00e4rvar logistikfastigheter f\u00f6r drygt 2 miljarder kronor fr\u00e5n Bockasj\u00f6, Kilenkrysset och Kilenkrysset Sweden","datePublished":"2023-07-03T06:30:21+00:00","dateModified":"2023-07-03T06:54:04+00:00","mainEntityOfPage":{"@id":"https:\/\/logicenters.sultandev.se\/sv\/logicenters-forvarvar-logistikfastigheter-for-drygt-2-miljarder-kronor-fran-bockasjo-kilenkrysset-och-kilenkrysset-sweden\/"},"wordCount":733,"publisher":{"@id":"http:\/\/www.logicenters.sultandev.se\/#organization"},"articleSection":["Sverige"],"inLanguage":"sv-SE"},{"@type":"WebPage","@id":"https:\/\/logicenters.sultandev.se\/sv\/logicenters-forvarvar-logistikfastigheter-for-drygt-2-miljarder-kronor-fran-bockasjo-kilenkrysset-och-kilenkrysset-sweden\/","url":"https:\/\/logicenters.sultandev.se\/sv\/logicenters-forvarvar-logistikfastigheter-for-drygt-2-miljarder-kronor-fran-bockasjo-kilenkrysset-och-kilenkrysset-sweden\/","name":"Logicenters f\u00f6rv\u00e4rvar logistikfastigheter f\u00f6r drygt 2 miljarder kronor fr\u00e5n Bockasj\u00f6, Kilenkrysset och Kilenkrysset Sweden &#8211; Logicenters","isPartOf":{"@id":"http:\/\/www.logicenters.sultandev.se\/#website"},"datePublished":"2023-07-03T06:30:21+00:00","dateModified":"2023-07-03T06:54:04+00:00","breadcrumb":{"@id":"https:\/\/logicenters.sultandev.se\/sv\/logicenters-forvarvar-logistikfastigheter-for-drygt-2-miljarder-kronor-fran-bockasjo-kilenkrysset-och-kilenkrysset-sweden\/#breadcrumb"},"inLanguage":"sv-SE","potentialAction":[{"@type":"ReadAction","target":["https:\/\/logicenters.sultandev.se\/sv\/logicenters-forvarvar-logistikfastigheter-for-drygt-2-miljarder-kronor-fran-bockasjo-kilenkrysset-och-kilenkrysset-sweden\/"]}]},{"@type":"BreadcrumbList","@id":"https:\/\/logicenters.sultandev.se\/sv\/logicenters-forvarvar-logistikfastigheter-for-drygt-2-miljarder-kronor-fran-bockasjo-kilenkrysset-och-kilenkrysset-sweden\/#breadcrumb","itemListElement":[{"@type":"ListItem","position":1,"name":"Home","item":"https:\/\/www.logicenters.sultandev.se\/sv\/"},{"@type":"ListItem","position":2,"name":"Logicenters f\u00f6rv\u00e4rvar logistikfastigheter f\u00f6r drygt 2 miljarder kronor fr\u00e5n Bockasj\u00f6, Kilenkrysset och Kilenkrysset Sweden"}]},{"@type":"WebSite","@id":"http:\/\/www.logicenters.sultandev.se\/#website","url":"http:\/\/www.logicenters.sultandev.se\/","name":"Logicenters","description":"The leader of modern logistics properties in the nordics","publisher":{"@id":"http:\/\/www.logicenters.sultandev.se\/#organization"},"potentialAction":[{"@type":"SearchAction","target":{"@type":"EntryPoint","urlTemplate":"http:\/\/www.logicenters.sultandev.se\/?s={search_term_string}"},"query-input":{"@type":"PropertyValueSpecification","valueRequired":true,"valueName":"search_term_string"}}],"inLanguage":"sv-SE"},{"@type":"Organization","@id":"http:\/\/www.logicenters.sultandev.se\/#organization","name":"Logicenters","url":"http:\/\/www.logicenters.sultandev.se\/","logo":{"@type":"ImageObject","inLanguage":"sv-SE","@id":"http:\/\/www.logicenters.sultandev.se\/#\/schema\/logo\/image\/","url":"https:\/\/logicenters.sultandev.se\/uploads\/2024\/10\/LOGGA.png","contentUrl":"https:\/\/logicenters.sultandev.se\/uploads\/2024\/10\/LOGGA.png","width":600,"height":74,"caption":"Logicenters"},"image":{"@id":"http:\/\/www.logicenters.sultandev.se\/#\/schema\/logo\/image\/"},"sameAs":["https:\/\/www.linkedin.com\/company\/logicenters\/yoast"]},{"@type":"Person","@id":"http:\/\/www.logicenters.sultandev.se\/#\/schema\/person\/8380cf72678e4fc57ee72471da871852","name":"Ludwig Persson","sameAs":["http:\/\/www.logicenters.com"]}]}},"_links":{"self":[{"href":"https:\/\/logicenters.sultandev.se\/sv\/wp-json\/wp\/v2\/posts\/33640","targetHints":{"allow":["GET"]}}],"collection":[{"href":"https:\/\/logicenters.sultandev.se\/sv\/wp-json\/wp\/v2\/posts"}],"about":[{"href":"https:\/\/logicenters.sultandev.se\/sv\/wp-json\/wp\/v2\/types\/post"}],"author":[{"embeddable":true,"href":"https:\/\/logicenters.sultandev.se\/sv\/wp-json\/wp\/v2\/users\/13"}],"replies":[{"embeddable":true,"href":"https:\/\/logicenters.sultandev.se\/sv\/wp-json\/wp\/v2\/comments?post=33640"}],"version-history":[{"count":3,"href":"https:\/\/logicenters.sultandev.se\/sv\/wp-json\/wp\/v2\/posts\/33640\/revisions"}],"predecessor-version":[{"id":33656,"href":"https:\/\/logicenters.sultandev.se\/sv\/wp-json\/wp\/v2\/posts\/33640\/revisions\/33656"}],"wp:attachment":[{"href":"https:\/\/logicenters.sultandev.se\/sv\/wp-json\/wp\/v2\/media?parent=33640"}],"wp:term":[{"taxonomy":"category","embeddable":true,"href":"https:\/\/logicenters.sultandev.se\/sv\/wp-json\/wp\/v2\/categories?post=33640"},{"taxonomy":"post_tag","embeddable":true,"href":"https:\/\/logicenters.sultandev.se\/sv\/wp-json\/wp\/v2\/tags?post=33640"}],"curies":[{"name":"wp","href":"https:\/\/api.w.org\/{rel}","templated":true}]}}