{"id":22623,"date":"2022-11-22T10:28:22","date_gmt":"2022-11-22T10:28:22","guid":{"rendered":"http:\/\/logicenters.sultandev.se\/?p=22623"},"modified":"2022-11-22T10:28:22","modified_gmt":"2022-11-22T10:28:22","slug":"haglofs-flyttar-in-i-eskilstuna-hyr-in-sig-pa-18-000-m2","status":"publish","type":"post","link":"https:\/\/logicenters.sultandev.se\/sv\/haglofs-flyttar-in-i-eskilstuna-hyr-in-sig-pa-18-000-m2\/","title":{"rendered":"Hagl\u00f6fs flyttar in i Eskilstuna \u2013 hyr in sig p\u00e5 18 000 m2"},"content":{"rendered":"<p><strong>Svenska outdoorvarum\u00e4rket Hagl\u00f6fs flyttar in i Eskilstuna Logistikpark. Det st\u00e5r nu klart efter att bolaget tecknat ett fler\u00e5rigt hyresavtal med Logicenters p\u00e5 totalt 18\u00a0000 m<sup>2<\/sup>. <\/strong><\/p>\n<p>Redan 1914 p\u00e5b\u00f6rjade Wiktor Hagl\u00f6f sin ryggs\u00e4ckstillverkning i en liten stuga i Dalarna. I dag, mer \u00e4n 100 \u00e5r senare, har f\u00f6retaget vuxit till n\u00e5got helt annat. Genom modern produktutveckling och strategisk distribution har varum\u00e4rket utvecklats till en av v\u00e4rldens ledande leverant\u00f6rer av outdoor-produkter.<\/p>\n<p>Nu har ett fler\u00e5rigt hyresavtal skrivits med Logicenters i Eskilstuna Logistikpark och Hagl\u00f6fs flyttar in i logistikfastighetsakt\u00f6rens moderna anl\u00e4ggning p\u00e5 \u00f6ver 50\u00a0000 m<sup>2<\/sup>. Fastigheten \u00e4r utrustad f\u00f6r att fungera som ett centrallager f\u00f6r b\u00e5de nystartade och befintliga retailf\u00f6retag och \u00e4r anpassad f\u00f6r en kombination av butiks- och e-handelsfl\u00f6den.<\/p>\n<p>\u201d<em>Vi \u00e4r v\u00e4ldigt glada \u00f6ver att kunna v\u00e4lkomna ett av Sveriges starkaste varum\u00e4rken in i v\u00e5r fastighet i Eskilstuna. Hagl\u00f6fs \u00e4r en v\u00e4xande akt\u00f6r och vi ser fram emot att f\u00e5 st\u00f6dja deras fortsatta utveckling p\u00e5 n\u00e4ra h\u00e5ll. Jag vill personligen framf\u00f6ra ett stort tack f\u00f6r samarbetet och \u00e4r \u00f6vertygad om att de kommer att trivas i sitt nya logistikcenter<\/em>\u201d, s\u00e4ger Fredrik Nygren, Commercial Manager p\u00e5 Logicenters.<\/p>\n<p>Eskilstuna Logistikpark omfattar 420 hektar mark och \u00e4r bel\u00e4gen strax utanf\u00f6r Eskilstuna med direkt n\u00e4rhet till motorva\u0308g, ja\u0308rnva\u0308g samt flygplats. Logistikparkens geografiska l\u00e4ge skapar goda transportm\u00f6jligheter till O\u0308rebro samt till Ma\u0308lardalsregionen och Stockholm, n\u00e5got som bidrar till optimala f\u00f6ruts\u00e4ttningar f\u00f6r snabbv\u00e4xande retailf\u00f6retag och e-handlare.<\/p>\n<p>Det finns dessutom m\u00f6jlighet till ytterligare expansion f\u00f6r Logicenters i omr\u00e5det, vilket m\u00f6jligg\u00f6r expansion f\u00f6r s\u00e5v\u00e4l nuvarande som nya hyresg\u00e4ster fram\u00f6ver.<\/p>\n<p>\u201d<em>Mitt fokus kommer fortsatt att ligga p\u00e5 att s\u00e4kerst\u00e4lla en kontinuerlig och h\u00e5llbar tillv\u00e4xt f\u00f6r Hagl\u00f6fs. Samarbetet med Logicenters ger oss precis de f\u00f6ruts\u00e4ttningar som vi beh\u00f6ver f\u00f6r att som varum\u00e4rke forts\u00e4tta v\u00e4xa<\/em>\u201d, s\u00e4ger Fredrik Ohlsson, vd p\u00e5 Hagl\u00f6fs.<\/p>\n","protected":false},"excerpt":{"rendered":"<p>Svenska outdoorvarum\u00e4rket Hagl\u00f6fs flyttar in i Eskilstuna Logistikpark. Det st\u00e5r nu klart efter att bolaget tecknat&#8230;<\/p>\n","protected":false},"author":13,"featured_media":0,"comment_status":"closed","ping_status":"closed","sticky":false,"template":"","format":"standard","meta":{"_acf_changed":false,"footnotes":""},"categories":[232,81],"tags":[],"class_list":["post-22623","post","type-post","status-publish","format-standard","hentry","category-malmo-sv","category-sverige"],"acf":[],"yoast_head":"<!-- This site is optimized with the Yoast SEO plugin v23.8 - https:\/\/yoast.com\/wordpress\/plugins\/seo\/ -->\n<title>Hagl\u00f6fs flyttar in i Eskilstuna \u2013 hyr in sig p\u00e5 18 000 m2 &#8211; Logicenters<\/title>\n<meta name=\"robots\" content=\"noindex, follow, max-snippet:-1, max-image-preview:large, max-video-preview:-1\" \/>\n<meta property=\"og:locale\" content=\"sv_SE\" \/>\n<meta property=\"og:type\" content=\"article\" \/>\n<meta property=\"og:title\" content=\"Hagl\u00f6fs flyttar in i Eskilstuna \u2013 hyr in sig p\u00e5 18 000 m2 &#8211; Logicenters\" \/>\n<meta property=\"og:description\" content=\"Svenska outdoorvarum\u00e4rket Hagl\u00f6fs flyttar in i Eskilstuna Logistikpark. Det st\u00e5r nu klart efter att bolaget tecknat...\" \/>\n<meta property=\"og:url\" content=\"https:\/\/logicenters.sultandev.se\/sv\/haglofs-flyttar-in-i-eskilstuna-hyr-in-sig-pa-18-000-m2\/\" \/>\n<meta property=\"og:site_name\" content=\"Logicenters\" \/>\n<meta property=\"article:published_time\" content=\"2022-11-22T10:28:22+00:00\" \/>\n<meta name=\"author\" content=\"Ludwig Persson\" \/>\n<meta name=\"twitter:card\" content=\"summary_large_image\" \/>\n<meta name=\"twitter:label1\" content=\"Written by\" \/>\n\t<meta name=\"twitter:data1\" content=\"Ludwig Persson\" \/>\n\t<meta name=\"twitter:label2\" content=\"Est. reading time\" \/>\n\t<meta name=\"twitter:data2\" content=\"2 minutes\" \/>\n<script type=\"application\/ld+json\" class=\"yoast-schema-graph\">{\"@context\":\"https:\/\/schema.org\",\"@graph\":[{\"@type\":\"Article\",\"@id\":\"https:\/\/logicenters.sultandev.se\/sv\/haglofs-flyttar-in-i-eskilstuna-hyr-in-sig-pa-18-000-m2\/#article\",\"isPartOf\":{\"@id\":\"https:\/\/logicenters.sultandev.se\/sv\/haglofs-flyttar-in-i-eskilstuna-hyr-in-sig-pa-18-000-m2\/\"},\"author\":{\"name\":\"Ludwig Persson\",\"@id\":\"https:\/\/logicenters.sultandev.se\/#\/schema\/person\/8380cf72678e4fc57ee72471da871852\"},\"headline\":\"Hagl\u00f6fs flyttar in i Eskilstuna \u2013 hyr in sig p\u00e5 18 000 m2\",\"datePublished\":\"2022-11-22T10:28:22+00:00\",\"dateModified\":\"2022-11-22T10:28:22+00:00\",\"mainEntityOfPage\":{\"@id\":\"https:\/\/logicenters.sultandev.se\/sv\/haglofs-flyttar-in-i-eskilstuna-hyr-in-sig-pa-18-000-m2\/\"},\"wordCount\":371,\"publisher\":{\"@id\":\"https:\/\/logicenters.sultandev.se\/#organization\"},\"articleSection\":[\"Malm\u00f6\",\"Sverige\"],\"inLanguage\":\"sv-SE\"},{\"@type\":\"WebPage\",\"@id\":\"https:\/\/logicenters.sultandev.se\/sv\/haglofs-flyttar-in-i-eskilstuna-hyr-in-sig-pa-18-000-m2\/\",\"url\":\"https:\/\/logicenters.sultandev.se\/sv\/haglofs-flyttar-in-i-eskilstuna-hyr-in-sig-pa-18-000-m2\/\",\"name\":\"Hagl\u00f6fs flyttar in i Eskilstuna \u2013 hyr in sig p\u00e5 18 000 m2 &#8211; Logicenters\",\"isPartOf\":{\"@id\":\"https:\/\/logicenters.sultandev.se\/#website\"},\"datePublished\":\"2022-11-22T10:28:22+00:00\",\"dateModified\":\"2022-11-22T10:28:22+00:00\",\"breadcrumb\":{\"@id\":\"https:\/\/logicenters.sultandev.se\/sv\/haglofs-flyttar-in-i-eskilstuna-hyr-in-sig-pa-18-000-m2\/#breadcrumb\"},\"inLanguage\":\"sv-SE\",\"potentialAction\":[{\"@type\":\"ReadAction\",\"target\":[\"https:\/\/logicenters.sultandev.se\/sv\/haglofs-flyttar-in-i-eskilstuna-hyr-in-sig-pa-18-000-m2\/\"]}]},{\"@type\":\"BreadcrumbList\",\"@id\":\"https:\/\/logicenters.sultandev.se\/sv\/haglofs-flyttar-in-i-eskilstuna-hyr-in-sig-pa-18-000-m2\/#breadcrumb\",\"itemListElement\":[{\"@type\":\"ListItem\",\"position\":1,\"name\":\"Home\",\"item\":\"https:\/\/www.logicenters.sultandev.se\/sv\/\"},{\"@type\":\"ListItem\",\"position\":2,\"name\":\"Hagl\u00f6fs flyttar in i Eskilstuna \u2013 hyr in sig p\u00e5 18 000 m2\"}]},{\"@type\":\"WebSite\",\"@id\":\"https:\/\/logicenters.sultandev.se\/#website\",\"url\":\"https:\/\/logicenters.sultandev.se\/\",\"name\":\"Logicenters\",\"description\":\"The leader of modern logistics properties in the nordics\",\"publisher\":{\"@id\":\"https:\/\/logicenters.sultandev.se\/#organization\"},\"potentialAction\":[{\"@type\":\"SearchAction\",\"target\":{\"@type\":\"EntryPoint\",\"urlTemplate\":\"https:\/\/logicenters.sultandev.se\/?s={search_term_string}\"},\"query-input\":{\"@type\":\"PropertyValueSpecification\",\"valueRequired\":true,\"valueName\":\"search_term_string\"}}],\"inLanguage\":\"sv-SE\"},{\"@type\":\"Organization\",\"@id\":\"https:\/\/logicenters.sultandev.se\/#organization\",\"name\":\"Logicenters\",\"url\":\"https:\/\/logicenters.sultandev.se\/\",\"logo\":{\"@type\":\"ImageObject\",\"inLanguage\":\"sv-SE\",\"@id\":\"https:\/\/logicenters.sultandev.se\/#\/schema\/logo\/image\/\",\"url\":\"https:\/\/logicenters.sultandev.se\/uploads\/2024\/10\/LOGGA.png\",\"contentUrl\":\"https:\/\/logicenters.sultandev.se\/uploads\/2024\/10\/LOGGA.png\",\"width\":600,\"height\":74,\"caption\":\"Logicenters\"},\"image\":{\"@id\":\"https:\/\/logicenters.sultandev.se\/#\/schema\/logo\/image\/\"},\"sameAs\":[\"https:\/\/www.linkedin.com\/company\/logicenters\/yoast\"]},{\"@type\":\"Person\",\"@id\":\"https:\/\/logicenters.sultandev.se\/#\/schema\/person\/8380cf72678e4fc57ee72471da871852\",\"name\":\"Ludwig Persson\",\"sameAs\":[\"http:\/\/www.logicenters.com\"]}]}<\/script>\n<!-- \/ Yoast SEO plugin. -->","yoast_head_json":{"title":"Hagl\u00f6fs flyttar in i Eskilstuna \u2013 hyr in sig p\u00e5 18 000 m2 &#8211; Logicenters","robots":{"index":"noindex","follow":"follow","max-snippet":"max-snippet:-1","max-image-preview":"max-image-preview:large","max-video-preview":"max-video-preview:-1"},"og_locale":"sv_SE","og_type":"article","og_title":"Hagl\u00f6fs flyttar in i Eskilstuna \u2013 hyr in sig p\u00e5 18 000 m2 &#8211; Logicenters","og_description":"Svenska outdoorvarum\u00e4rket Hagl\u00f6fs flyttar in i Eskilstuna Logistikpark. Det st\u00e5r nu klart efter att bolaget tecknat...","og_url":"https:\/\/logicenters.sultandev.se\/sv\/haglofs-flyttar-in-i-eskilstuna-hyr-in-sig-pa-18-000-m2\/","og_site_name":"Logicenters","article_published_time":"2022-11-22T10:28:22+00:00","author":"Ludwig Persson","twitter_card":"summary_large_image","twitter_misc":{"Written by":"Ludwig Persson","Est. reading time":"2 minutes"},"schema":{"@context":"https:\/\/schema.org","@graph":[{"@type":"Article","@id":"https:\/\/logicenters.sultandev.se\/sv\/haglofs-flyttar-in-i-eskilstuna-hyr-in-sig-pa-18-000-m2\/#article","isPartOf":{"@id":"https:\/\/logicenters.sultandev.se\/sv\/haglofs-flyttar-in-i-eskilstuna-hyr-in-sig-pa-18-000-m2\/"},"author":{"name":"Ludwig Persson","@id":"https:\/\/logicenters.sultandev.se\/#\/schema\/person\/8380cf72678e4fc57ee72471da871852"},"headline":"Hagl\u00f6fs flyttar in i Eskilstuna \u2013 hyr in sig p\u00e5 18 000 m2","datePublished":"2022-11-22T10:28:22+00:00","dateModified":"2022-11-22T10:28:22+00:00","mainEntityOfPage":{"@id":"https:\/\/logicenters.sultandev.se\/sv\/haglofs-flyttar-in-i-eskilstuna-hyr-in-sig-pa-18-000-m2\/"},"wordCount":371,"publisher":{"@id":"https:\/\/logicenters.sultandev.se\/#organization"},"articleSection":["Malm\u00f6","Sverige"],"inLanguage":"sv-SE"},{"@type":"WebPage","@id":"https:\/\/logicenters.sultandev.se\/sv\/haglofs-flyttar-in-i-eskilstuna-hyr-in-sig-pa-18-000-m2\/","url":"https:\/\/logicenters.sultandev.se\/sv\/haglofs-flyttar-in-i-eskilstuna-hyr-in-sig-pa-18-000-m2\/","name":"Hagl\u00f6fs flyttar in i Eskilstuna \u2013 hyr in sig p\u00e5 18 000 m2 &#8211; Logicenters","isPartOf":{"@id":"https:\/\/logicenters.sultandev.se\/#website"},"datePublished":"2022-11-22T10:28:22+00:00","dateModified":"2022-11-22T10:28:22+00:00","breadcrumb":{"@id":"https:\/\/logicenters.sultandev.se\/sv\/haglofs-flyttar-in-i-eskilstuna-hyr-in-sig-pa-18-000-m2\/#breadcrumb"},"inLanguage":"sv-SE","potentialAction":[{"@type":"ReadAction","target":["https:\/\/logicenters.sultandev.se\/sv\/haglofs-flyttar-in-i-eskilstuna-hyr-in-sig-pa-18-000-m2\/"]}]},{"@type":"BreadcrumbList","@id":"https:\/\/logicenters.sultandev.se\/sv\/haglofs-flyttar-in-i-eskilstuna-hyr-in-sig-pa-18-000-m2\/#breadcrumb","itemListElement":[{"@type":"ListItem","position":1,"name":"Home","item":"https:\/\/www.logicenters.sultandev.se\/sv\/"},{"@type":"ListItem","position":2,"name":"Hagl\u00f6fs flyttar in i Eskilstuna \u2013 hyr in sig p\u00e5 18 000 m2"}]},{"@type":"WebSite","@id":"https:\/\/logicenters.sultandev.se\/#website","url":"https:\/\/logicenters.sultandev.se\/","name":"Logicenters","description":"The leader of modern logistics properties in the nordics","publisher":{"@id":"https:\/\/logicenters.sultandev.se\/#organization"},"potentialAction":[{"@type":"SearchAction","target":{"@type":"EntryPoint","urlTemplate":"https:\/\/logicenters.sultandev.se\/?s={search_term_string}"},"query-input":{"@type":"PropertyValueSpecification","valueRequired":true,"valueName":"search_term_string"}}],"inLanguage":"sv-SE"},{"@type":"Organization","@id":"https:\/\/logicenters.sultandev.se\/#organization","name":"Logicenters","url":"https:\/\/logicenters.sultandev.se\/","logo":{"@type":"ImageObject","inLanguage":"sv-SE","@id":"https:\/\/logicenters.sultandev.se\/#\/schema\/logo\/image\/","url":"https:\/\/logicenters.sultandev.se\/uploads\/2024\/10\/LOGGA.png","contentUrl":"https:\/\/logicenters.sultandev.se\/uploads\/2024\/10\/LOGGA.png","width":600,"height":74,"caption":"Logicenters"},"image":{"@id":"https:\/\/logicenters.sultandev.se\/#\/schema\/logo\/image\/"},"sameAs":["https:\/\/www.linkedin.com\/company\/logicenters\/yoast"]},{"@type":"Person","@id":"https:\/\/logicenters.sultandev.se\/#\/schema\/person\/8380cf72678e4fc57ee72471da871852","name":"Ludwig Persson","sameAs":["http:\/\/www.logicenters.com"]}]}},"_links":{"self":[{"href":"https:\/\/logicenters.sultandev.se\/sv\/wp-json\/wp\/v2\/posts\/22623","targetHints":{"allow":["GET"]}}],"collection":[{"href":"https:\/\/logicenters.sultandev.se\/sv\/wp-json\/wp\/v2\/posts"}],"about":[{"href":"https:\/\/logicenters.sultandev.se\/sv\/wp-json\/wp\/v2\/types\/post"}],"author":[{"embeddable":true,"href":"https:\/\/logicenters.sultandev.se\/sv\/wp-json\/wp\/v2\/users\/13"}],"replies":[{"embeddable":true,"href":"https:\/\/logicenters.sultandev.se\/sv\/wp-json\/wp\/v2\/comments?post=22623"}],"version-history":[{"count":1,"href":"https:\/\/logicenters.sultandev.se\/sv\/wp-json\/wp\/v2\/posts\/22623\/revisions"}],"predecessor-version":[{"id":22630,"href":"https:\/\/logicenters.sultandev.se\/sv\/wp-json\/wp\/v2\/posts\/22623\/revisions\/22630"}],"wp:attachment":[{"href":"https:\/\/logicenters.sultandev.se\/sv\/wp-json\/wp\/v2\/media?parent=22623"}],"wp:term":[{"taxonomy":"category","embeddable":true,"href":"https:\/\/logicenters.sultandev.se\/sv\/wp-json\/wp\/v2\/categories?post=22623"},{"taxonomy":"post_tag","embeddable":true,"href":"https:\/\/logicenters.sultandev.se\/sv\/wp-json\/wp\/v2\/tags?post=22623"}],"curies":[{"name":"wp","href":"https:\/\/api.w.org\/{rel}","templated":true}]}}