{"id":22232,"date":"2022-09-30T06:52:45","date_gmt":"2022-09-30T06:52:45","guid":{"rendered":"http:\/\/www.logicenters.com\/?p=22232"},"modified":"2022-09-30T06:52:45","modified_gmt":"2022-09-30T06:52:45","slug":"logicenters-bygger-solcellspark-at-dagab","status":"publish","type":"post","link":"https:\/\/logicenters.sultandev.se\/sv\/logicenters-bygger-solcellspark-at-dagab\/","title":{"rendered":"Logicenters bygger solcellspark \u00e5t Dagab"},"content":{"rendered":"<p><strong>Logicenters forts\u00e4tter sin stora satsning p\u00e5 en CO2-neutral fastighetssektor.<br \/>\nNu f\u00f6rdjupas samarbetet med Dagab med en solcellspark som ska byggas p\u00e5 den nya anl\u00e4ggningen i Landskrona. <\/strong><\/p>\n<p>Under f\u00f6rra \u00e5ret tecknade Logicenters ett l\u00e5ngsiktigt hyresavtal p\u00e5 totalt 15 \u00e5r med Axfoodkoncernens ink\u00f6ps- och logistikbolag Dagab om ett helt nytt rikslager f\u00f6r frukt och gr\u00f6nt. Det nya lagret p\u00e5 drygt 37\u00a0000 m<sup>2<\/sup> har f\u00f6rlagts i Landskrona och kommer att ers\u00e4tta dagens lager f\u00f6r frukt och gr\u00f6nt i Helsingborg.<\/p>\n<p>Under torsdagen skrevs ett till\u00e4ggsavtal d\u00e4r det st\u00e5r klart att parterna ut\u00f6kar sitt redan existerande samarbete r\u00f6rande f\u00f6rnybar energi. N\u00e4r Dagab flyttar in i lokalen i november kommer man g\u00f6ra det med 7000 solcellspaneler installerat p\u00e5 taket p\u00e5 en yta om cirka 30\u00a0000 m<sup>2<\/sup>.<\/p>\n<p><em>&#8220;Som logistikutvecklare \u00e4r v\u00e5r vision att alltid erbjuda v\u00e5ra hyresg\u00e4ster moderna och framf\u00f6r allt h\u00e5llbara anl\u00e4ggningar p\u00e5 strategiska platser. Vi \u00e4r glada \u00f6ver ett fortsatt bra samarbete med Dagab d\u00e4r deras nya lager kommer vara byggt enligt v\u00e5r ambiti\u00f6sa h\u00e5llbarhetsstrategi&#8221;,<\/em> s\u00e4ger Matthias Kettelhoit, CEO p\u00e5 Logicenters.<\/p>\n<p>Logicenters har ett h\u00e5llbarhetsm\u00e5l att vara helt klimatneutrala \u00e5r 2028, vilket \u00e4r i linje med den profil som anl\u00e4ggningen i Landskrona byggs efter. Solcellsparken kommer att ge en effekt om 3,9 MW vid full drift, vilket \u00e4r lika mycket som den \u00e5rliga hush\u00e5llselen f\u00f6r 570 hush\u00e5ll eller vad som kr\u00e4vs f\u00f6r en elbil att ta sig 400 varv runt jorden.<\/p>\n<p>\u201d<em>Det som \u00e4r extra gl\u00e4djande \u00e4r att solcellsparken byggs i elomr\u00e5de 4 d\u00e4r behovet av ny elproduktion \u00e4r som st\u00f6rst. V\u00e5r nya solcellspark bidrar till att h\u00e5lla nere anl\u00e4ggningens elkostnader men \u00e4ven elpriset i omr\u00e5det<\/em>\u201d, s\u00e4ger Jon Malmsten, solenergiexpert p\u00e5 Logicenters.<\/p>\n<p>\u00c4ven den nya hyresg\u00e4sten \u00e4r n\u00f6jd \u00f6ver den nya solcellsparken.<\/p>\n<p>\u201d<em>Solcellssatsningarna \u00e4r en del av v\u00e5ra satsningar p\u00e5 gr\u00f6n teknik inom ramen f\u00f6r v\u00e5ra logistikanl\u00e4ggningar. Anl\u00e4ggningen i Landskrona adderar viktig, ny, gr\u00f6n energi samtidigt som den st\u00f6ttar energibehovet f\u00f6r v\u00e5r verksamhet i Landskrona\u201d,<\/em> s\u00e4ger\u00a0Nicholas Pettersson, vd f\u00f6r Dagab, Axfoods ink\u00f6ps- och logistikbolag.<\/p>\n<p>Sedan tidigare har Logicenters och Dagab anlagt Nordens st\u00f6rsta takbaserade solcellspark i B\u00e5lsta, norr om Stockholm.<\/p>\n","protected":false},"excerpt":{"rendered":"<p>Logicenters forts\u00e4tter sin stora satsning p\u00e5 en CO2-neutral fastighetssektor. Nu f\u00f6rdjupas samarbetet med Dagab med en&#8230;<\/p>\n","protected":false},"author":6,"featured_media":0,"comment_status":"closed","ping_status":"closed","sticky":false,"template":"","format":"standard","meta":{"_acf_changed":false,"footnotes":""},"categories":[88,81],"tags":[],"class_list":["post-22232","post","type-post","status-publish","format-standard","hentry","category-landskrona-sv","category-sverige"],"acf":[],"yoast_head":"<!-- This site is optimized with the Yoast SEO plugin v23.8 - https:\/\/yoast.com\/wordpress\/plugins\/seo\/ -->\n<title>Logicenters bygger solcellspark \u00e5t Dagab &#8211; Logicenters<\/title>\n<meta name=\"robots\" content=\"noindex, follow, max-snippet:-1, max-image-preview:large, max-video-preview:-1\" \/>\n<meta property=\"og:locale\" content=\"sv_SE\" \/>\n<meta property=\"og:type\" content=\"article\" \/>\n<meta property=\"og:title\" content=\"Logicenters bygger solcellspark \u00e5t Dagab &#8211; Logicenters\" \/>\n<meta property=\"og:description\" content=\"Logicenters forts\u00e4tter sin stora satsning p\u00e5 en CO2-neutral fastighetssektor. Nu f\u00f6rdjupas samarbetet med Dagab med en...\" \/>\n<meta property=\"og:url\" content=\"https:\/\/logicenters.sultandev.se\/sv\/logicenters-bygger-solcellspark-at-dagab\/\" \/>\n<meta property=\"og:site_name\" content=\"Logicenters\" \/>\n<meta property=\"article:published_time\" content=\"2022-09-30T06:52:45+00:00\" \/>\n<meta name=\"author\" content=\"Anna Hillinge\" \/>\n<meta name=\"twitter:card\" content=\"summary_large_image\" \/>\n<meta name=\"twitter:label1\" content=\"Written by\" \/>\n\t<meta name=\"twitter:data1\" content=\"Anna Hillinge\" \/>\n\t<meta name=\"twitter:label2\" content=\"Est. reading time\" \/>\n\t<meta name=\"twitter:data2\" content=\"2 minutes\" \/>\n<script type=\"application\/ld+json\" class=\"yoast-schema-graph\">{\"@context\":\"https:\/\/schema.org\",\"@graph\":[{\"@type\":\"Article\",\"@id\":\"https:\/\/logicenters.sultandev.se\/sv\/logicenters-bygger-solcellspark-at-dagab\/#article\",\"isPartOf\":{\"@id\":\"https:\/\/logicenters.sultandev.se\/sv\/logicenters-bygger-solcellspark-at-dagab\/\"},\"author\":{\"name\":\"Anna Hillinge\",\"@id\":\"https:\/\/www.logicenters.sultandev.se\/#\/schema\/person\/59aec831e47c8441d1a6e71b09d14421\"},\"headline\":\"Logicenters bygger solcellspark \u00e5t Dagab\",\"datePublished\":\"2022-09-30T06:52:45+00:00\",\"dateModified\":\"2022-09-30T06:52:45+00:00\",\"mainEntityOfPage\":{\"@id\":\"https:\/\/logicenters.sultandev.se\/sv\/logicenters-bygger-solcellspark-at-dagab\/\"},\"wordCount\":398,\"publisher\":{\"@id\":\"https:\/\/www.logicenters.sultandev.se\/#organization\"},\"articleSection\":[\"Landskrona\",\"Sverige\"],\"inLanguage\":\"sv-SE\"},{\"@type\":\"WebPage\",\"@id\":\"https:\/\/logicenters.sultandev.se\/sv\/logicenters-bygger-solcellspark-at-dagab\/\",\"url\":\"https:\/\/logicenters.sultandev.se\/sv\/logicenters-bygger-solcellspark-at-dagab\/\",\"name\":\"Logicenters bygger solcellspark \u00e5t Dagab &#8211; Logicenters\",\"isPartOf\":{\"@id\":\"https:\/\/www.logicenters.sultandev.se\/#website\"},\"datePublished\":\"2022-09-30T06:52:45+00:00\",\"dateModified\":\"2022-09-30T06:52:45+00:00\",\"breadcrumb\":{\"@id\":\"https:\/\/logicenters.sultandev.se\/sv\/logicenters-bygger-solcellspark-at-dagab\/#breadcrumb\"},\"inLanguage\":\"sv-SE\",\"potentialAction\":[{\"@type\":\"ReadAction\",\"target\":[\"https:\/\/logicenters.sultandev.se\/sv\/logicenters-bygger-solcellspark-at-dagab\/\"]}]},{\"@type\":\"BreadcrumbList\",\"@id\":\"https:\/\/logicenters.sultandev.se\/sv\/logicenters-bygger-solcellspark-at-dagab\/#breadcrumb\",\"itemListElement\":[{\"@type\":\"ListItem\",\"position\":1,\"name\":\"Home\",\"item\":\"https:\/\/logicenters.sultandev.se\/sv\/\"},{\"@type\":\"ListItem\",\"position\":2,\"name\":\"Logicenters bygger solcellspark \u00e5t Dagab\"}]},{\"@type\":\"WebSite\",\"@id\":\"https:\/\/www.logicenters.sultandev.se\/#website\",\"url\":\"https:\/\/www.logicenters.sultandev.se\/\",\"name\":\"Logicenters\",\"description\":\"The leader of modern logistics properties in the nordics\",\"publisher\":{\"@id\":\"https:\/\/www.logicenters.sultandev.se\/#organization\"},\"potentialAction\":[{\"@type\":\"SearchAction\",\"target\":{\"@type\":\"EntryPoint\",\"urlTemplate\":\"https:\/\/www.logicenters.sultandev.se\/?s={search_term_string}\"},\"query-input\":{\"@type\":\"PropertyValueSpecification\",\"valueRequired\":true,\"valueName\":\"search_term_string\"}}],\"inLanguage\":\"sv-SE\"},{\"@type\":\"Organization\",\"@id\":\"https:\/\/www.logicenters.sultandev.se\/#organization\",\"name\":\"Logicenters\",\"url\":\"https:\/\/www.logicenters.sultandev.se\/\",\"logo\":{\"@type\":\"ImageObject\",\"inLanguage\":\"sv-SE\",\"@id\":\"https:\/\/www.logicenters.sultandev.se\/#\/schema\/logo\/image\/\",\"url\":\"https:\/\/logicenters.sultandev.se\/uploads\/2024\/10\/LOGGA.png\",\"contentUrl\":\"https:\/\/logicenters.sultandev.se\/uploads\/2024\/10\/LOGGA.png\",\"width\":600,\"height\":74,\"caption\":\"Logicenters\"},\"image\":{\"@id\":\"https:\/\/www.logicenters.sultandev.se\/#\/schema\/logo\/image\/\"},\"sameAs\":[\"https:\/\/www.linkedin.com\/company\/logicenters\/yoast\"]},{\"@type\":\"Person\",\"@id\":\"https:\/\/www.logicenters.sultandev.se\/#\/schema\/person\/59aec831e47c8441d1a6e71b09d14421\",\"name\":\"Anna Hillinge\"}]}<\/script>\n<!-- \/ Yoast SEO plugin. -->","yoast_head_json":{"title":"Logicenters bygger solcellspark \u00e5t Dagab &#8211; Logicenters","robots":{"index":"noindex","follow":"follow","max-snippet":"max-snippet:-1","max-image-preview":"max-image-preview:large","max-video-preview":"max-video-preview:-1"},"og_locale":"sv_SE","og_type":"article","og_title":"Logicenters bygger solcellspark \u00e5t Dagab &#8211; Logicenters","og_description":"Logicenters forts\u00e4tter sin stora satsning p\u00e5 en CO2-neutral fastighetssektor. Nu f\u00f6rdjupas samarbetet med Dagab med en...","og_url":"https:\/\/logicenters.sultandev.se\/sv\/logicenters-bygger-solcellspark-at-dagab\/","og_site_name":"Logicenters","article_published_time":"2022-09-30T06:52:45+00:00","author":"Anna Hillinge","twitter_card":"summary_large_image","twitter_misc":{"Written by":"Anna Hillinge","Est. reading time":"2 minutes"},"schema":{"@context":"https:\/\/schema.org","@graph":[{"@type":"Article","@id":"https:\/\/logicenters.sultandev.se\/sv\/logicenters-bygger-solcellspark-at-dagab\/#article","isPartOf":{"@id":"https:\/\/logicenters.sultandev.se\/sv\/logicenters-bygger-solcellspark-at-dagab\/"},"author":{"name":"Anna Hillinge","@id":"https:\/\/www.logicenters.sultandev.se\/#\/schema\/person\/59aec831e47c8441d1a6e71b09d14421"},"headline":"Logicenters bygger solcellspark \u00e5t Dagab","datePublished":"2022-09-30T06:52:45+00:00","dateModified":"2022-09-30T06:52:45+00:00","mainEntityOfPage":{"@id":"https:\/\/logicenters.sultandev.se\/sv\/logicenters-bygger-solcellspark-at-dagab\/"},"wordCount":398,"publisher":{"@id":"https:\/\/www.logicenters.sultandev.se\/#organization"},"articleSection":["Landskrona","Sverige"],"inLanguage":"sv-SE"},{"@type":"WebPage","@id":"https:\/\/logicenters.sultandev.se\/sv\/logicenters-bygger-solcellspark-at-dagab\/","url":"https:\/\/logicenters.sultandev.se\/sv\/logicenters-bygger-solcellspark-at-dagab\/","name":"Logicenters bygger solcellspark \u00e5t Dagab &#8211; Logicenters","isPartOf":{"@id":"https:\/\/www.logicenters.sultandev.se\/#website"},"datePublished":"2022-09-30T06:52:45+00:00","dateModified":"2022-09-30T06:52:45+00:00","breadcrumb":{"@id":"https:\/\/logicenters.sultandev.se\/sv\/logicenters-bygger-solcellspark-at-dagab\/#breadcrumb"},"inLanguage":"sv-SE","potentialAction":[{"@type":"ReadAction","target":["https:\/\/logicenters.sultandev.se\/sv\/logicenters-bygger-solcellspark-at-dagab\/"]}]},{"@type":"BreadcrumbList","@id":"https:\/\/logicenters.sultandev.se\/sv\/logicenters-bygger-solcellspark-at-dagab\/#breadcrumb","itemListElement":[{"@type":"ListItem","position":1,"name":"Home","item":"https:\/\/logicenters.sultandev.se\/sv\/"},{"@type":"ListItem","position":2,"name":"Logicenters bygger solcellspark \u00e5t Dagab"}]},{"@type":"WebSite","@id":"https:\/\/www.logicenters.sultandev.se\/#website","url":"https:\/\/www.logicenters.sultandev.se\/","name":"Logicenters","description":"The leader of modern logistics properties in the nordics","publisher":{"@id":"https:\/\/www.logicenters.sultandev.se\/#organization"},"potentialAction":[{"@type":"SearchAction","target":{"@type":"EntryPoint","urlTemplate":"https:\/\/www.logicenters.sultandev.se\/?s={search_term_string}"},"query-input":{"@type":"PropertyValueSpecification","valueRequired":true,"valueName":"search_term_string"}}],"inLanguage":"sv-SE"},{"@type":"Organization","@id":"https:\/\/www.logicenters.sultandev.se\/#organization","name":"Logicenters","url":"https:\/\/www.logicenters.sultandev.se\/","logo":{"@type":"ImageObject","inLanguage":"sv-SE","@id":"https:\/\/www.logicenters.sultandev.se\/#\/schema\/logo\/image\/","url":"https:\/\/logicenters.sultandev.se\/uploads\/2024\/10\/LOGGA.png","contentUrl":"https:\/\/logicenters.sultandev.se\/uploads\/2024\/10\/LOGGA.png","width":600,"height":74,"caption":"Logicenters"},"image":{"@id":"https:\/\/www.logicenters.sultandev.se\/#\/schema\/logo\/image\/"},"sameAs":["https:\/\/www.linkedin.com\/company\/logicenters\/yoast"]},{"@type":"Person","@id":"https:\/\/www.logicenters.sultandev.se\/#\/schema\/person\/59aec831e47c8441d1a6e71b09d14421","name":"Anna Hillinge"}]}},"_links":{"self":[{"href":"https:\/\/logicenters.sultandev.se\/sv\/wp-json\/wp\/v2\/posts\/22232","targetHints":{"allow":["GET"]}}],"collection":[{"href":"https:\/\/logicenters.sultandev.se\/sv\/wp-json\/wp\/v2\/posts"}],"about":[{"href":"https:\/\/logicenters.sultandev.se\/sv\/wp-json\/wp\/v2\/types\/post"}],"author":[{"embeddable":true,"href":"https:\/\/logicenters.sultandev.se\/sv\/wp-json\/wp\/v2\/users\/6"}],"replies":[{"embeddable":true,"href":"https:\/\/logicenters.sultandev.se\/sv\/wp-json\/wp\/v2\/comments?post=22232"}],"version-history":[{"count":1,"href":"https:\/\/logicenters.sultandev.se\/sv\/wp-json\/wp\/v2\/posts\/22232\/revisions"}],"predecessor-version":[{"id":22239,"href":"https:\/\/logicenters.sultandev.se\/sv\/wp-json\/wp\/v2\/posts\/22232\/revisions\/22239"}],"wp:attachment":[{"href":"https:\/\/logicenters.sultandev.se\/sv\/wp-json\/wp\/v2\/media?parent=22232"}],"wp:term":[{"taxonomy":"category","embeddable":true,"href":"https:\/\/logicenters.sultandev.se\/sv\/wp-json\/wp\/v2\/categories?post=22232"},{"taxonomy":"post_tag","embeddable":true,"href":"https:\/\/logicenters.sultandev.se\/sv\/wp-json\/wp\/v2\/tags?post=22232"}],"curies":[{"name":"wp","href":"https:\/\/api.w.org\/{rel}","templated":true}]}}