{"id":21943,"date":"2022-06-07T09:55:29","date_gmt":"2022-06-07T09:55:29","guid":{"rendered":"http:\/\/www.logicenters.com\/?p=21943"},"modified":"2022-06-07T09:57:16","modified_gmt":"2022-06-07T09:57:16","slug":"logicenters-vaxer-vidare-med-ny-cfo","status":"publish","type":"post","link":"https:\/\/logicenters.sultandev.se\/sv\/logicenters-vaxer-vidare-med-ny-cfo\/","title":{"rendered":"Logicenters v\u00e4xer vidare med ny CFO"},"content":{"rendered":"<p><strong>Logicenters forts\u00e4tter sin starka tillv\u00e4xtresa. Nu tills\u00e4tter logistikfastighetsakt\u00f6ren en CFO i Johanna Wollg\u00e5rd som ska forts\u00e4tta arbetet med att bygga upp den finansiella rapporteringen.<\/strong><\/p>\n<p>Som den ledande \u00e4garen av moderna logistikfastigheter i de fr\u00e4msta logistikl\u00e4gena i Norden forts\u00e4tter Logicenters att utveckla sin verksamhet. Fr\u00e5n den 1 september kliver Johanna Wollg\u00e5rd in i den nya rollen som CFO med fokus p\u00e5 att bygga upp bolagets finansiella rapportering, f\u00f6lja upp investeringar och p\u00e5 ett st\u00f6rre plan s\u00e4kerst\u00e4lla Logicenters l\u00f6nsamhet.<\/p>\n<p><em>\u201dDet h\u00e4r \u00e4r en v\u00e4ldigt positiv nyhet f\u00f6r oss. I takt med att NREP och Logicenters har v\u00e4xt har \u00e4ven ett behov vuxit fram att f\u00f6rst\u00e4rka v\u00e5r finansiella avdelning. Johanna Wollg\u00e5rd kommer att bidra med sina kunskaper och erfarenheter i v\u00e5ra investeringar f\u00f6r att fram\u00e5triktat kunna ta b\u00e4ttre beslut\u201d,<\/em> s\u00e4ger Matthias Kettelhoit, CEO p\u00e5 Logicenters.<\/p>\n<p>Johanna Wollg\u00e5rd har arbetat inom NREP-koncernen sedan 2016 i olika roller. De senaste \u00e5ren har hennes ansvar varit som Senior Fund Controller \u00f6ver en av koncernens fonder. Wollg\u00e5rd har \u00e4ven arbetat inom revision p\u00e5 revisions- och konsultn\u00e4tverket Deloitte.<\/p>\n<p><em>\u201dJag \u00e4r v\u00e4ldigt tacksam f\u00f6r det f\u00f6rtroendet jag har f\u00e5tt och ser fram emot att ta mig an den nya rollen och utmaningar inom NREP\u201d, <\/em>s\u00e4ger Johanna Wollg\u00e5rd.<\/p>\n","protected":false},"excerpt":{"rendered":"<p>Logicenters forts\u00e4tter sin starka tillv\u00e4xtresa. Nu tills\u00e4tter logistikfastighetsakt\u00f6ren en CFO i Johanna Wollg\u00e5rd som ska forts\u00e4tta&#8230;<\/p>\n","protected":false},"author":6,"featured_media":0,"comment_status":"closed","ping_status":"closed","sticky":false,"template":"","format":"standard","meta":{"_acf_changed":false,"footnotes":""},"categories":[214,81],"tags":[],"class_list":["post-21943","post","type-post","status-publish","format-standard","hentry","category-nyheter","category-sverige"],"acf":[],"yoast_head":"<!-- This site is optimized with the Yoast SEO plugin v23.8 - https:\/\/yoast.com\/wordpress\/plugins\/seo\/ -->\n<title>Logicenters v\u00e4xer vidare med ny CFO &#8211; Logicenters<\/title>\n<meta name=\"robots\" content=\"noindex, follow, max-snippet:-1, max-image-preview:large, max-video-preview:-1\" \/>\n<meta property=\"og:locale\" content=\"sv_SE\" \/>\n<meta property=\"og:type\" content=\"article\" \/>\n<meta property=\"og:title\" content=\"Logicenters v\u00e4xer vidare med ny CFO &#8211; Logicenters\" \/>\n<meta property=\"og:description\" content=\"Logicenters forts\u00e4tter sin starka tillv\u00e4xtresa. Nu tills\u00e4tter logistikfastighetsakt\u00f6ren en CFO i Johanna Wollg\u00e5rd som ska forts\u00e4tta...\" \/>\n<meta property=\"og:url\" content=\"https:\/\/logicenters.sultandev.se\/sv\/logicenters-vaxer-vidare-med-ny-cfo\/\" \/>\n<meta property=\"og:site_name\" content=\"Logicenters\" \/>\n<meta property=\"article:published_time\" content=\"2022-06-07T09:55:29+00:00\" \/>\n<meta property=\"article:modified_time\" content=\"2022-06-07T09:57:16+00:00\" \/>\n<meta name=\"author\" content=\"Anna Hillinge\" \/>\n<meta name=\"twitter:card\" content=\"summary_large_image\" \/>\n<meta name=\"twitter:label1\" content=\"Written by\" \/>\n\t<meta name=\"twitter:data1\" content=\"Anna Hillinge\" \/>\n\t<meta name=\"twitter:label2\" content=\"Est. reading time\" \/>\n\t<meta name=\"twitter:data2\" content=\"1 minute\" \/>\n<script type=\"application\/ld+json\" class=\"yoast-schema-graph\">{\"@context\":\"https:\/\/schema.org\",\"@graph\":[{\"@type\":\"Article\",\"@id\":\"https:\/\/logicenters.sultandev.se\/sv\/logicenters-vaxer-vidare-med-ny-cfo\/#article\",\"isPartOf\":{\"@id\":\"https:\/\/logicenters.sultandev.se\/sv\/logicenters-vaxer-vidare-med-ny-cfo\/\"},\"author\":{\"name\":\"Anna Hillinge\",\"@id\":\"http:\/\/www.logicenters.sultandev.se\/#\/schema\/person\/59aec831e47c8441d1a6e71b09d14421\"},\"headline\":\"Logicenters v\u00e4xer vidare med ny CFO\",\"datePublished\":\"2022-06-07T09:55:29+00:00\",\"dateModified\":\"2022-06-07T09:57:16+00:00\",\"mainEntityOfPage\":{\"@id\":\"https:\/\/logicenters.sultandev.se\/sv\/logicenters-vaxer-vidare-med-ny-cfo\/\"},\"wordCount\":241,\"publisher\":{\"@id\":\"http:\/\/www.logicenters.sultandev.se\/#organization\"},\"articleSection\":[\"Nyheter\",\"Sverige\"],\"inLanguage\":\"sv-SE\"},{\"@type\":\"WebPage\",\"@id\":\"https:\/\/logicenters.sultandev.se\/sv\/logicenters-vaxer-vidare-med-ny-cfo\/\",\"url\":\"https:\/\/logicenters.sultandev.se\/sv\/logicenters-vaxer-vidare-med-ny-cfo\/\",\"name\":\"Logicenters v\u00e4xer vidare med ny CFO &#8211; Logicenters\",\"isPartOf\":{\"@id\":\"http:\/\/www.logicenters.sultandev.se\/#website\"},\"datePublished\":\"2022-06-07T09:55:29+00:00\",\"dateModified\":\"2022-06-07T09:57:16+00:00\",\"breadcrumb\":{\"@id\":\"https:\/\/logicenters.sultandev.se\/sv\/logicenters-vaxer-vidare-med-ny-cfo\/#breadcrumb\"},\"inLanguage\":\"sv-SE\",\"potentialAction\":[{\"@type\":\"ReadAction\",\"target\":[\"https:\/\/logicenters.sultandev.se\/sv\/logicenters-vaxer-vidare-med-ny-cfo\/\"]}]},{\"@type\":\"BreadcrumbList\",\"@id\":\"https:\/\/logicenters.sultandev.se\/sv\/logicenters-vaxer-vidare-med-ny-cfo\/#breadcrumb\",\"itemListElement\":[{\"@type\":\"ListItem\",\"position\":1,\"name\":\"Home\",\"item\":\"https:\/\/www.logicenters.sultandev.se\/sv\/\"},{\"@type\":\"ListItem\",\"position\":2,\"name\":\"Logicenters v\u00e4xer vidare med ny CFO\"}]},{\"@type\":\"WebSite\",\"@id\":\"http:\/\/www.logicenters.sultandev.se\/#website\",\"url\":\"http:\/\/www.logicenters.sultandev.se\/\",\"name\":\"Logicenters\",\"description\":\"The leader of modern logistics properties in the nordics\",\"publisher\":{\"@id\":\"http:\/\/www.logicenters.sultandev.se\/#organization\"},\"potentialAction\":[{\"@type\":\"SearchAction\",\"target\":{\"@type\":\"EntryPoint\",\"urlTemplate\":\"http:\/\/www.logicenters.sultandev.se\/?s={search_term_string}\"},\"query-input\":{\"@type\":\"PropertyValueSpecification\",\"valueRequired\":true,\"valueName\":\"search_term_string\"}}],\"inLanguage\":\"sv-SE\"},{\"@type\":\"Organization\",\"@id\":\"http:\/\/www.logicenters.sultandev.se\/#organization\",\"name\":\"Logicenters\",\"url\":\"http:\/\/www.logicenters.sultandev.se\/\",\"logo\":{\"@type\":\"ImageObject\",\"inLanguage\":\"sv-SE\",\"@id\":\"http:\/\/www.logicenters.sultandev.se\/#\/schema\/logo\/image\/\",\"url\":\"https:\/\/logicenters.sultandev.se\/uploads\/2024\/10\/LOGGA.png\",\"contentUrl\":\"https:\/\/logicenters.sultandev.se\/uploads\/2024\/10\/LOGGA.png\",\"width\":600,\"height\":74,\"caption\":\"Logicenters\"},\"image\":{\"@id\":\"http:\/\/www.logicenters.sultandev.se\/#\/schema\/logo\/image\/\"},\"sameAs\":[\"https:\/\/www.linkedin.com\/company\/logicenters\/yoast\"]},{\"@type\":\"Person\",\"@id\":\"http:\/\/www.logicenters.sultandev.se\/#\/schema\/person\/59aec831e47c8441d1a6e71b09d14421\",\"name\":\"Anna Hillinge\"}]}<\/script>\n<!-- \/ Yoast SEO plugin. -->","yoast_head_json":{"title":"Logicenters v\u00e4xer vidare med ny CFO &#8211; Logicenters","robots":{"index":"noindex","follow":"follow","max-snippet":"max-snippet:-1","max-image-preview":"max-image-preview:large","max-video-preview":"max-video-preview:-1"},"og_locale":"sv_SE","og_type":"article","og_title":"Logicenters v\u00e4xer vidare med ny CFO &#8211; Logicenters","og_description":"Logicenters forts\u00e4tter sin starka tillv\u00e4xtresa. Nu tills\u00e4tter logistikfastighetsakt\u00f6ren en CFO i Johanna Wollg\u00e5rd som ska forts\u00e4tta...","og_url":"https:\/\/logicenters.sultandev.se\/sv\/logicenters-vaxer-vidare-med-ny-cfo\/","og_site_name":"Logicenters","article_published_time":"2022-06-07T09:55:29+00:00","article_modified_time":"2022-06-07T09:57:16+00:00","author":"Anna Hillinge","twitter_card":"summary_large_image","twitter_misc":{"Written by":"Anna Hillinge","Est. reading time":"1 minute"},"schema":{"@context":"https:\/\/schema.org","@graph":[{"@type":"Article","@id":"https:\/\/logicenters.sultandev.se\/sv\/logicenters-vaxer-vidare-med-ny-cfo\/#article","isPartOf":{"@id":"https:\/\/logicenters.sultandev.se\/sv\/logicenters-vaxer-vidare-med-ny-cfo\/"},"author":{"name":"Anna Hillinge","@id":"http:\/\/www.logicenters.sultandev.se\/#\/schema\/person\/59aec831e47c8441d1a6e71b09d14421"},"headline":"Logicenters v\u00e4xer vidare med ny CFO","datePublished":"2022-06-07T09:55:29+00:00","dateModified":"2022-06-07T09:57:16+00:00","mainEntityOfPage":{"@id":"https:\/\/logicenters.sultandev.se\/sv\/logicenters-vaxer-vidare-med-ny-cfo\/"},"wordCount":241,"publisher":{"@id":"http:\/\/www.logicenters.sultandev.se\/#organization"},"articleSection":["Nyheter","Sverige"],"inLanguage":"sv-SE"},{"@type":"WebPage","@id":"https:\/\/logicenters.sultandev.se\/sv\/logicenters-vaxer-vidare-med-ny-cfo\/","url":"https:\/\/logicenters.sultandev.se\/sv\/logicenters-vaxer-vidare-med-ny-cfo\/","name":"Logicenters v\u00e4xer vidare med ny CFO &#8211; Logicenters","isPartOf":{"@id":"http:\/\/www.logicenters.sultandev.se\/#website"},"datePublished":"2022-06-07T09:55:29+00:00","dateModified":"2022-06-07T09:57:16+00:00","breadcrumb":{"@id":"https:\/\/logicenters.sultandev.se\/sv\/logicenters-vaxer-vidare-med-ny-cfo\/#breadcrumb"},"inLanguage":"sv-SE","potentialAction":[{"@type":"ReadAction","target":["https:\/\/logicenters.sultandev.se\/sv\/logicenters-vaxer-vidare-med-ny-cfo\/"]}]},{"@type":"BreadcrumbList","@id":"https:\/\/logicenters.sultandev.se\/sv\/logicenters-vaxer-vidare-med-ny-cfo\/#breadcrumb","itemListElement":[{"@type":"ListItem","position":1,"name":"Home","item":"https:\/\/www.logicenters.sultandev.se\/sv\/"},{"@type":"ListItem","position":2,"name":"Logicenters v\u00e4xer vidare med ny CFO"}]},{"@type":"WebSite","@id":"http:\/\/www.logicenters.sultandev.se\/#website","url":"http:\/\/www.logicenters.sultandev.se\/","name":"Logicenters","description":"The leader of modern logistics properties in the nordics","publisher":{"@id":"http:\/\/www.logicenters.sultandev.se\/#organization"},"potentialAction":[{"@type":"SearchAction","target":{"@type":"EntryPoint","urlTemplate":"http:\/\/www.logicenters.sultandev.se\/?s={search_term_string}"},"query-input":{"@type":"PropertyValueSpecification","valueRequired":true,"valueName":"search_term_string"}}],"inLanguage":"sv-SE"},{"@type":"Organization","@id":"http:\/\/www.logicenters.sultandev.se\/#organization","name":"Logicenters","url":"http:\/\/www.logicenters.sultandev.se\/","logo":{"@type":"ImageObject","inLanguage":"sv-SE","@id":"http:\/\/www.logicenters.sultandev.se\/#\/schema\/logo\/image\/","url":"https:\/\/logicenters.sultandev.se\/uploads\/2024\/10\/LOGGA.png","contentUrl":"https:\/\/logicenters.sultandev.se\/uploads\/2024\/10\/LOGGA.png","width":600,"height":74,"caption":"Logicenters"},"image":{"@id":"http:\/\/www.logicenters.sultandev.se\/#\/schema\/logo\/image\/"},"sameAs":["https:\/\/www.linkedin.com\/company\/logicenters\/yoast"]},{"@type":"Person","@id":"http:\/\/www.logicenters.sultandev.se\/#\/schema\/person\/59aec831e47c8441d1a6e71b09d14421","name":"Anna Hillinge"}]}},"_links":{"self":[{"href":"https:\/\/logicenters.sultandev.se\/sv\/wp-json\/wp\/v2\/posts\/21943","targetHints":{"allow":["GET"]}}],"collection":[{"href":"https:\/\/logicenters.sultandev.se\/sv\/wp-json\/wp\/v2\/posts"}],"about":[{"href":"https:\/\/logicenters.sultandev.se\/sv\/wp-json\/wp\/v2\/types\/post"}],"author":[{"embeddable":true,"href":"https:\/\/logicenters.sultandev.se\/sv\/wp-json\/wp\/v2\/users\/6"}],"replies":[{"embeddable":true,"href":"https:\/\/logicenters.sultandev.se\/sv\/wp-json\/wp\/v2\/comments?post=21943"}],"version-history":[{"count":1,"href":"https:\/\/logicenters.sultandev.se\/sv\/wp-json\/wp\/v2\/posts\/21943\/revisions"}],"predecessor-version":[{"id":21944,"href":"https:\/\/logicenters.sultandev.se\/sv\/wp-json\/wp\/v2\/posts\/21943\/revisions\/21944"}],"wp:attachment":[{"href":"https:\/\/logicenters.sultandev.se\/sv\/wp-json\/wp\/v2\/media?parent=21943"}],"wp:term":[{"taxonomy":"category","embeddable":true,"href":"https:\/\/logicenters.sultandev.se\/sv\/wp-json\/wp\/v2\/categories?post=21943"},{"taxonomy":"post_tag","embeddable":true,"href":"https:\/\/logicenters.sultandev.se\/sv\/wp-json\/wp\/v2\/tags?post=21943"}],"curies":[{"name":"wp","href":"https:\/\/api.w.org\/{rel}","templated":true}]}}