{"id":21299,"date":"2022-03-17T12:10:52","date_gmt":"2022-03-17T12:10:52","guid":{"rendered":"http:\/\/www.logicenters.com\/?p=21299"},"modified":"2022-03-17T12:13:17","modified_gmt":"2022-03-17T12:13:17","slug":"logicenters-nya-storsatsning-i-nykvarn-koper-206-000-m2-mark","status":"publish","type":"post","link":"https:\/\/logicenters.sultandev.se\/sv\/logicenters-nya-storsatsning-i-nykvarn-koper-206-000-m2-mark\/","title":{"rendered":"Logicenters nya storsatsning i Nykvarn &#8211; k\u00f6per 206 000 m2 mark"},"content":{"rendered":"<p><strong>Logicenters forts\u00e4tter att v\u00e4xa i Storstockholm.<\/strong><br \/>\n<strong>Nu st\u00e5r det klart att man f\u00f6rv\u00e4rvat mark i Nykvarn &#8211; strax s\u00f6der om huvudstaden &#8211; d\u00e4r den initiala planen \u00e4r att bygga en ny byggnation p\u00e5 50\u00a0000 m<sup>2<\/sup>.<\/strong><\/p>\n<p>Bygg- och anl\u00e4ggningsf\u00f6retaget Veidekke har varit \u00e4gare av Stora Bysta 3:9 i omr\u00e5det Snebro sedan 2007. De senaste \u00e5ren har f\u00f6retaget bedrivit en planspr\u00e4ngning och gjort i ordning industrimarken f\u00f6r framtida bruk. Logicenters har skrivit ett avtal med Veidekke om att \u00f6verta egendomen d\u00e5 det finns en h\u00f6g efterfr\u00e5gan fr\u00e5n kunder i omr\u00e5det.<\/p>\n<p>Bolaget planerar initialt att utveckla omr\u00e5det och den nuvarande detaljplanen medger en byggnation om cirka 50\u00a0000 m<sup>2<\/sup>. Logicenters f\u00f6rhoppning \u00e4r att kunna bygga ytterligare 50 000 m<sup>2<\/sup> i framtiden.<\/p>\n<p><em>\u201dVi \u00e4r mycket glada \u00f6ver detta samarbete d\u00e4r Veidekke lagt grunden till vad vi ser som en logistiskp\u00e4rla med stor potential. Logicenters v\u00e4xer hela tiden och \u00e4r mer \u00e4n redo att etablera sig ytterligare i n\u00e4rregionerna till Stockholm. Nykvarn ligger dessutom p\u00e5 ett oslagbart l\u00e4ge f\u00f6r logistik med n\u00e4rhet till s\u00e5v\u00e4l S\u00f6dert\u00e4lje som hela M\u00e4laren\u201d<\/em>, s\u00e4ger Matthias Kettelhoit, CEO p\u00e5 Logicenters.<\/p>\n<p>Totalt \u00e4r det en markyta p\u00e5 206,000 m2 som Logicenters f\u00f6rv\u00e4rvat av Veidekke. Snebro ligger precis intill Europav\u00e4g 20 samt med n\u00e4rhet till Svealandsbanan.<\/p>\n<p><em>\u201dDet \u00e4r en k\u00e4rnverksamhet f\u00f6r Veidekkes industriverksamhet att erbjuda masshantering inom nyckelomr\u00e5den. V\u00e5r strategi \u00e4r att bedriva s\u00e5dan verksamhet fr\u00e5n platser som sedan kan anv\u00e4ndas f\u00f6r fastighetsutveckling. Snebro \u00e4r ett bra exempel p\u00e5 en s\u00e5dan fastighet. N\u00e4r vi nu avslutar v\u00e5r verksamhet i Snebro \u00e4r det bra att veta att egendomen kommer att f\u00e5 en ny och v\u00e4rdefull anv\u00e4ndning i en logistikfastighet\u201d,<\/em> s\u00e4ger Marcus C. Nilsson, vice vd p\u00e5 Veidekke.<\/p>\n","protected":false},"excerpt":{"rendered":"<p>Logicenters forts\u00e4tter att v\u00e4xa i Storstockholm. Nu st\u00e5r det klart att man f\u00f6rv\u00e4rvat mark i Nykvarn&#8230;<\/p>\n","protected":false},"author":6,"featured_media":0,"comment_status":"closed","ping_status":"closed","sticky":false,"template":"","format":"standard","meta":{"_acf_changed":false,"footnotes":""},"categories":[86,81],"tags":[],"class_list":["post-21299","post","type-post","status-publish","format-standard","hentry","category-stockholm-sv","category-sverige"],"acf":[],"yoast_head":"<!-- This site is optimized with the Yoast SEO plugin v23.8 - https:\/\/yoast.com\/wordpress\/plugins\/seo\/ -->\n<title>Logicenters nya storsatsning i Nykvarn - k\u00f6per 206 000 m2 mark &#8211; Logicenters<\/title>\n<meta name=\"robots\" content=\"noindex, follow, max-snippet:-1, max-image-preview:large, max-video-preview:-1\" \/>\n<meta property=\"og:locale\" content=\"sv_SE\" \/>\n<meta property=\"og:type\" content=\"article\" \/>\n<meta property=\"og:title\" content=\"Logicenters nya storsatsning i Nykvarn - k\u00f6per 206 000 m2 mark &#8211; Logicenters\" \/>\n<meta property=\"og:description\" content=\"Logicenters forts\u00e4tter att v\u00e4xa i Storstockholm. Nu st\u00e5r det klart att man f\u00f6rv\u00e4rvat mark i Nykvarn...\" \/>\n<meta property=\"og:url\" content=\"https:\/\/logicenters.sultandev.se\/sv\/logicenters-nya-storsatsning-i-nykvarn-koper-206-000-m2-mark\/\" \/>\n<meta property=\"og:site_name\" content=\"Logicenters\" \/>\n<meta property=\"article:published_time\" content=\"2022-03-17T12:10:52+00:00\" \/>\n<meta property=\"article:modified_time\" content=\"2022-03-17T12:13:17+00:00\" \/>\n<meta name=\"author\" content=\"Anna Hillinge\" \/>\n<meta name=\"twitter:card\" content=\"summary_large_image\" \/>\n<meta name=\"twitter:label1\" content=\"Written by\" \/>\n\t<meta name=\"twitter:data1\" content=\"Anna Hillinge\" \/>\n\t<meta name=\"twitter:label2\" content=\"Est. reading time\" \/>\n\t<meta name=\"twitter:data2\" content=\"2 minutes\" \/>\n<script type=\"application\/ld+json\" class=\"yoast-schema-graph\">{\"@context\":\"https:\/\/schema.org\",\"@graph\":[{\"@type\":\"Article\",\"@id\":\"https:\/\/logicenters.sultandev.se\/sv\/logicenters-nya-storsatsning-i-nykvarn-koper-206-000-m2-mark\/#article\",\"isPartOf\":{\"@id\":\"https:\/\/logicenters.sultandev.se\/sv\/logicenters-nya-storsatsning-i-nykvarn-koper-206-000-m2-mark\/\"},\"author\":{\"name\":\"Anna Hillinge\",\"@id\":\"https:\/\/logicenters.sultandev.se\/#\/schema\/person\/59aec831e47c8441d1a6e71b09d14421\"},\"headline\":\"Logicenters nya storsatsning i Nykvarn &#8211; k\u00f6per 206 000 m2 mark\",\"datePublished\":\"2022-03-17T12:10:52+00:00\",\"dateModified\":\"2022-03-17T12:13:17+00:00\",\"mainEntityOfPage\":{\"@id\":\"https:\/\/logicenters.sultandev.se\/sv\/logicenters-nya-storsatsning-i-nykvarn-koper-206-000-m2-mark\/\"},\"wordCount\":324,\"publisher\":{\"@id\":\"https:\/\/logicenters.sultandev.se\/#organization\"},\"articleSection\":[\"Stockholm\",\"Sverige\"],\"inLanguage\":\"sv-SE\"},{\"@type\":\"WebPage\",\"@id\":\"https:\/\/logicenters.sultandev.se\/sv\/logicenters-nya-storsatsning-i-nykvarn-koper-206-000-m2-mark\/\",\"url\":\"https:\/\/logicenters.sultandev.se\/sv\/logicenters-nya-storsatsning-i-nykvarn-koper-206-000-m2-mark\/\",\"name\":\"Logicenters nya storsatsning i Nykvarn - k\u00f6per 206 000 m2 mark &#8211; Logicenters\",\"isPartOf\":{\"@id\":\"https:\/\/logicenters.sultandev.se\/#website\"},\"datePublished\":\"2022-03-17T12:10:52+00:00\",\"dateModified\":\"2022-03-17T12:13:17+00:00\",\"breadcrumb\":{\"@id\":\"https:\/\/logicenters.sultandev.se\/sv\/logicenters-nya-storsatsning-i-nykvarn-koper-206-000-m2-mark\/#breadcrumb\"},\"inLanguage\":\"sv-SE\",\"potentialAction\":[{\"@type\":\"ReadAction\",\"target\":[\"https:\/\/logicenters.sultandev.se\/sv\/logicenters-nya-storsatsning-i-nykvarn-koper-206-000-m2-mark\/\"]}]},{\"@type\":\"BreadcrumbList\",\"@id\":\"https:\/\/logicenters.sultandev.se\/sv\/logicenters-nya-storsatsning-i-nykvarn-koper-206-000-m2-mark\/#breadcrumb\",\"itemListElement\":[{\"@type\":\"ListItem\",\"position\":1,\"name\":\"Home\",\"item\":\"https:\/\/www.logicenters.sultandev.se\/sv\/\"},{\"@type\":\"ListItem\",\"position\":2,\"name\":\"Logicenters nya storsatsning i Nykvarn &#8211; k\u00f6per 206 000 m2 mark\"}]},{\"@type\":\"WebSite\",\"@id\":\"https:\/\/logicenters.sultandev.se\/#website\",\"url\":\"https:\/\/logicenters.sultandev.se\/\",\"name\":\"Logicenters\",\"description\":\"The leader of modern logistics properties in the nordics\",\"publisher\":{\"@id\":\"https:\/\/logicenters.sultandev.se\/#organization\"},\"potentialAction\":[{\"@type\":\"SearchAction\",\"target\":{\"@type\":\"EntryPoint\",\"urlTemplate\":\"https:\/\/logicenters.sultandev.se\/?s={search_term_string}\"},\"query-input\":{\"@type\":\"PropertyValueSpecification\",\"valueRequired\":true,\"valueName\":\"search_term_string\"}}],\"inLanguage\":\"sv-SE\"},{\"@type\":\"Organization\",\"@id\":\"https:\/\/logicenters.sultandev.se\/#organization\",\"name\":\"Logicenters\",\"url\":\"https:\/\/logicenters.sultandev.se\/\",\"logo\":{\"@type\":\"ImageObject\",\"inLanguage\":\"sv-SE\",\"@id\":\"https:\/\/logicenters.sultandev.se\/#\/schema\/logo\/image\/\",\"url\":\"https:\/\/logicenters.sultandev.se\/uploads\/2024\/10\/LOGGA.png\",\"contentUrl\":\"https:\/\/logicenters.sultandev.se\/uploads\/2024\/10\/LOGGA.png\",\"width\":600,\"height\":74,\"caption\":\"Logicenters\"},\"image\":{\"@id\":\"https:\/\/logicenters.sultandev.se\/#\/schema\/logo\/image\/\"},\"sameAs\":[\"https:\/\/www.linkedin.com\/company\/logicenters\/yoast\"]},{\"@type\":\"Person\",\"@id\":\"https:\/\/logicenters.sultandev.se\/#\/schema\/person\/59aec831e47c8441d1a6e71b09d14421\",\"name\":\"Anna Hillinge\"}]}<\/script>\n<!-- \/ Yoast SEO plugin. -->","yoast_head_json":{"title":"Logicenters nya storsatsning i Nykvarn - k\u00f6per 206 000 m2 mark &#8211; Logicenters","robots":{"index":"noindex","follow":"follow","max-snippet":"max-snippet:-1","max-image-preview":"max-image-preview:large","max-video-preview":"max-video-preview:-1"},"og_locale":"sv_SE","og_type":"article","og_title":"Logicenters nya storsatsning i Nykvarn - k\u00f6per 206 000 m2 mark &#8211; Logicenters","og_description":"Logicenters forts\u00e4tter att v\u00e4xa i Storstockholm. Nu st\u00e5r det klart att man f\u00f6rv\u00e4rvat mark i Nykvarn...","og_url":"https:\/\/logicenters.sultandev.se\/sv\/logicenters-nya-storsatsning-i-nykvarn-koper-206-000-m2-mark\/","og_site_name":"Logicenters","article_published_time":"2022-03-17T12:10:52+00:00","article_modified_time":"2022-03-17T12:13:17+00:00","author":"Anna Hillinge","twitter_card":"summary_large_image","twitter_misc":{"Written by":"Anna Hillinge","Est. reading time":"2 minutes"},"schema":{"@context":"https:\/\/schema.org","@graph":[{"@type":"Article","@id":"https:\/\/logicenters.sultandev.se\/sv\/logicenters-nya-storsatsning-i-nykvarn-koper-206-000-m2-mark\/#article","isPartOf":{"@id":"https:\/\/logicenters.sultandev.se\/sv\/logicenters-nya-storsatsning-i-nykvarn-koper-206-000-m2-mark\/"},"author":{"name":"Anna Hillinge","@id":"https:\/\/logicenters.sultandev.se\/#\/schema\/person\/59aec831e47c8441d1a6e71b09d14421"},"headline":"Logicenters nya storsatsning i Nykvarn &#8211; k\u00f6per 206 000 m2 mark","datePublished":"2022-03-17T12:10:52+00:00","dateModified":"2022-03-17T12:13:17+00:00","mainEntityOfPage":{"@id":"https:\/\/logicenters.sultandev.se\/sv\/logicenters-nya-storsatsning-i-nykvarn-koper-206-000-m2-mark\/"},"wordCount":324,"publisher":{"@id":"https:\/\/logicenters.sultandev.se\/#organization"},"articleSection":["Stockholm","Sverige"],"inLanguage":"sv-SE"},{"@type":"WebPage","@id":"https:\/\/logicenters.sultandev.se\/sv\/logicenters-nya-storsatsning-i-nykvarn-koper-206-000-m2-mark\/","url":"https:\/\/logicenters.sultandev.se\/sv\/logicenters-nya-storsatsning-i-nykvarn-koper-206-000-m2-mark\/","name":"Logicenters nya storsatsning i Nykvarn - k\u00f6per 206 000 m2 mark &#8211; Logicenters","isPartOf":{"@id":"https:\/\/logicenters.sultandev.se\/#website"},"datePublished":"2022-03-17T12:10:52+00:00","dateModified":"2022-03-17T12:13:17+00:00","breadcrumb":{"@id":"https:\/\/logicenters.sultandev.se\/sv\/logicenters-nya-storsatsning-i-nykvarn-koper-206-000-m2-mark\/#breadcrumb"},"inLanguage":"sv-SE","potentialAction":[{"@type":"ReadAction","target":["https:\/\/logicenters.sultandev.se\/sv\/logicenters-nya-storsatsning-i-nykvarn-koper-206-000-m2-mark\/"]}]},{"@type":"BreadcrumbList","@id":"https:\/\/logicenters.sultandev.se\/sv\/logicenters-nya-storsatsning-i-nykvarn-koper-206-000-m2-mark\/#breadcrumb","itemListElement":[{"@type":"ListItem","position":1,"name":"Home","item":"https:\/\/www.logicenters.sultandev.se\/sv\/"},{"@type":"ListItem","position":2,"name":"Logicenters nya storsatsning i Nykvarn &#8211; k\u00f6per 206 000 m2 mark"}]},{"@type":"WebSite","@id":"https:\/\/logicenters.sultandev.se\/#website","url":"https:\/\/logicenters.sultandev.se\/","name":"Logicenters","description":"The leader of modern logistics properties in the nordics","publisher":{"@id":"https:\/\/logicenters.sultandev.se\/#organization"},"potentialAction":[{"@type":"SearchAction","target":{"@type":"EntryPoint","urlTemplate":"https:\/\/logicenters.sultandev.se\/?s={search_term_string}"},"query-input":{"@type":"PropertyValueSpecification","valueRequired":true,"valueName":"search_term_string"}}],"inLanguage":"sv-SE"},{"@type":"Organization","@id":"https:\/\/logicenters.sultandev.se\/#organization","name":"Logicenters","url":"https:\/\/logicenters.sultandev.se\/","logo":{"@type":"ImageObject","inLanguage":"sv-SE","@id":"https:\/\/logicenters.sultandev.se\/#\/schema\/logo\/image\/","url":"https:\/\/logicenters.sultandev.se\/uploads\/2024\/10\/LOGGA.png","contentUrl":"https:\/\/logicenters.sultandev.se\/uploads\/2024\/10\/LOGGA.png","width":600,"height":74,"caption":"Logicenters"},"image":{"@id":"https:\/\/logicenters.sultandev.se\/#\/schema\/logo\/image\/"},"sameAs":["https:\/\/www.linkedin.com\/company\/logicenters\/yoast"]},{"@type":"Person","@id":"https:\/\/logicenters.sultandev.se\/#\/schema\/person\/59aec831e47c8441d1a6e71b09d14421","name":"Anna Hillinge"}]}},"_links":{"self":[{"href":"https:\/\/logicenters.sultandev.se\/sv\/wp-json\/wp\/v2\/posts\/21299","targetHints":{"allow":["GET"]}}],"collection":[{"href":"https:\/\/logicenters.sultandev.se\/sv\/wp-json\/wp\/v2\/posts"}],"about":[{"href":"https:\/\/logicenters.sultandev.se\/sv\/wp-json\/wp\/v2\/types\/post"}],"author":[{"embeddable":true,"href":"https:\/\/logicenters.sultandev.se\/sv\/wp-json\/wp\/v2\/users\/6"}],"replies":[{"embeddable":true,"href":"https:\/\/logicenters.sultandev.se\/sv\/wp-json\/wp\/v2\/comments?post=21299"}],"version-history":[{"count":1,"href":"https:\/\/logicenters.sultandev.se\/sv\/wp-json\/wp\/v2\/posts\/21299\/revisions"}],"predecessor-version":[{"id":21300,"href":"https:\/\/logicenters.sultandev.se\/sv\/wp-json\/wp\/v2\/posts\/21299\/revisions\/21300"}],"wp:attachment":[{"href":"https:\/\/logicenters.sultandev.se\/sv\/wp-json\/wp\/v2\/media?parent=21299"}],"wp:term":[{"taxonomy":"category","embeddable":true,"href":"https:\/\/logicenters.sultandev.se\/sv\/wp-json\/wp\/v2\/categories?post=21299"},{"taxonomy":"post_tag","embeddable":true,"href":"https:\/\/logicenters.sultandev.se\/sv\/wp-json\/wp\/v2\/tags?post=21299"}],"curies":[{"name":"wp","href":"https:\/\/api.w.org\/{rel}","templated":true}]}}