{"id":20707,"date":"2022-01-19T13:21:41","date_gmt":"2022-01-19T13:21:41","guid":{"rendered":"http:\/\/www.logicenters.com\/?p=20707"},"modified":"2022-01-19T13:25:16","modified_gmt":"2022-01-19T13:25:16","slug":"ny-topprekrytering-i-sverige-logicenters-rekryterar-mikael-hillsten","status":"publish","type":"post","link":"https:\/\/logicenters.sultandev.se\/sv\/ny-topprekrytering-i-sverige-logicenters-rekryterar-mikael-hillsten\/","title":{"rendered":"Ny topprekrytering i Sverige: Logicenters rekryterar Mikael Hillsten"},"content":{"rendered":"<p><strong>Logicenters har gjort \u00e4nnu en ny topprekrytering. Det senaste tillskottet \u00e4r Mikael Hillsten som tilltr\u00e4der rollen som Manager Operation Development f\u00f6r Logicenters i Sverige. Mikael har en gedigen erfarenhet av aff\u00e4rsutveckling inom entreprenad och fastighetsutvecklingsbolag och kommer senast fr\u00e5n W\u00e4stbygg Gruppen som Chief Operation Officer.<\/strong><\/p>\n<p>Logistikfastighetsakt\u00f6ren forts\u00e4tter att st\u00e4rka sin position i Norden med en ny topprekrytering. I Sverige ansluter Mikael Hillsten i rollen som Manager Operation Development. Senast kommer han fr\u00e5n W\u00e4stbygg Gruppen med en gedigen erfarenhet av att leda, utbilda och att coacha.<\/p>\n<p><em>\u201dVi \u00e4r otroligt n\u00f6jda med den h\u00e4r rekryteringen. Mikael kommer att bidra med v\u00e4rdefull erfarenhet av att b\u00e5de utveckla och f\u00f6r\u00e4dla f\u00f6retag, n\u00e5got som kommer att hj\u00e4lpa Logicenters att driva verksamheten fram\u00e5t. Jag vill varmt v\u00e4lkomna Mikael till v\u00e5rt team och ser fram emot att arbeta tillsammans, <\/em>s\u00e4ger Matthias Kettelhoit, CEO p\u00e5 Logicenters.<\/p>\n<p>Mikael Hillsten har de senaste elva \u00e5ren arbetat i flera roller inom W\u00e4stbygg Gruppen. Under de tre senaste \u00e5ren har han besuttit rollen som Chief Operation Officer med bland annat ansvar \u00f6ver koncernen och samtliga koncernbolags aff\u00e4rsplaner. Innan dess har Mikael \u00e4ven arbetat i rollen som utvecklingschef och analyschef f\u00f6r W\u00e4stbygg Gruppen.<\/p>\n<p><em>\u201dM\u00f6jligheten att f\u00e5 ansluta till den fr\u00e4msta akt\u00f6ren inom logistikfastigheter k\u00e4nns oerh\u00f6rt roligt, men framf\u00f6r allt som en sp\u00e4nnande utmaning. Jag drivs av att utveckla och f\u00f6r\u00e4dla f\u00f6retag, avdelningar och personer. N\u00e4r den h\u00e4r m\u00f6jligheten d\u00f6k upp var det ett sj\u00e4lvklart val f\u00f6r mig att ansluta till Logicenters och att vara en del av denna fortsatta tillv\u00e4xtresa. Jag ser fram emot att forts\u00e4tta utveckla Logicenters arbete och portf\u00f6lj tillsammans med mitt nya team\u201d,<\/em> s\u00e4ger Mikael Hillsten.<\/p>\n","protected":false},"excerpt":{"rendered":"<p>Logicenters har gjort \u00e4nnu en ny topprekrytering. Det senaste tillskottet \u00e4r Mikael Hillsten som tilltr\u00e4der rollen&#8230;<\/p>\n","protected":false},"author":6,"featured_media":0,"comment_status":"closed","ping_status":"closed","sticky":false,"template":"","format":"standard","meta":{"_acf_changed":false,"footnotes":""},"categories":[214,213,81],"tags":[],"class_list":["post-20707","post","type-post","status-publish","format-standard","hentry","category-nyheter","category-press-sv","category-sverige"],"acf":[],"yoast_head":"<!-- This site is optimized with the Yoast SEO plugin v23.8 - https:\/\/yoast.com\/wordpress\/plugins\/seo\/ -->\n<title>Ny topprekrytering i Sverige: Logicenters rekryterar Mikael Hillsten &#8211; Logicenters<\/title>\n<meta name=\"robots\" content=\"noindex, follow, max-snippet:-1, max-image-preview:large, max-video-preview:-1\" \/>\n<meta property=\"og:locale\" content=\"sv_SE\" \/>\n<meta property=\"og:type\" content=\"article\" \/>\n<meta property=\"og:title\" content=\"Ny topprekrytering i Sverige: Logicenters rekryterar Mikael Hillsten &#8211; Logicenters\" \/>\n<meta property=\"og:description\" content=\"Logicenters har gjort \u00e4nnu en ny topprekrytering. Det senaste tillskottet \u00e4r Mikael Hillsten som tilltr\u00e4der rollen...\" \/>\n<meta property=\"og:url\" content=\"https:\/\/logicenters.sultandev.se\/sv\/ny-topprekrytering-i-sverige-logicenters-rekryterar-mikael-hillsten\/\" \/>\n<meta property=\"og:site_name\" content=\"Logicenters\" \/>\n<meta property=\"article:published_time\" content=\"2022-01-19T13:21:41+00:00\" \/>\n<meta property=\"article:modified_time\" content=\"2022-01-19T13:25:16+00:00\" \/>\n<meta name=\"author\" content=\"Anna Hillinge\" \/>\n<meta name=\"twitter:card\" content=\"summary_large_image\" \/>\n<meta name=\"twitter:label1\" content=\"Written by\" \/>\n\t<meta name=\"twitter:data1\" content=\"Anna Hillinge\" \/>\n\t<meta name=\"twitter:label2\" content=\"Est. reading time\" \/>\n\t<meta name=\"twitter:data2\" content=\"2 minutes\" \/>\n<script type=\"application\/ld+json\" class=\"yoast-schema-graph\">{\"@context\":\"https:\/\/schema.org\",\"@graph\":[{\"@type\":\"Article\",\"@id\":\"https:\/\/logicenters.sultandev.se\/sv\/ny-topprekrytering-i-sverige-logicenters-rekryterar-mikael-hillsten\/#article\",\"isPartOf\":{\"@id\":\"https:\/\/logicenters.sultandev.se\/sv\/ny-topprekrytering-i-sverige-logicenters-rekryterar-mikael-hillsten\/\"},\"author\":{\"name\":\"Anna Hillinge\",\"@id\":\"http:\/\/www.logicenters.sultandev.se\/#\/schema\/person\/59aec831e47c8441d1a6e71b09d14421\"},\"headline\":\"Ny topprekrytering i Sverige: Logicenters rekryterar Mikael Hillsten\",\"datePublished\":\"2022-01-19T13:21:41+00:00\",\"dateModified\":\"2022-01-19T13:25:16+00:00\",\"mainEntityOfPage\":{\"@id\":\"https:\/\/logicenters.sultandev.se\/sv\/ny-topprekrytering-i-sverige-logicenters-rekryterar-mikael-hillsten\/\"},\"wordCount\":321,\"publisher\":{\"@id\":\"http:\/\/www.logicenters.sultandev.se\/#organization\"},\"articleSection\":[\"Nyheter\",\"Press\",\"Sverige\"],\"inLanguage\":\"sv-SE\"},{\"@type\":\"WebPage\",\"@id\":\"https:\/\/logicenters.sultandev.se\/sv\/ny-topprekrytering-i-sverige-logicenters-rekryterar-mikael-hillsten\/\",\"url\":\"https:\/\/logicenters.sultandev.se\/sv\/ny-topprekrytering-i-sverige-logicenters-rekryterar-mikael-hillsten\/\",\"name\":\"Ny topprekrytering i Sverige: Logicenters rekryterar Mikael Hillsten &#8211; Logicenters\",\"isPartOf\":{\"@id\":\"http:\/\/www.logicenters.sultandev.se\/#website\"},\"datePublished\":\"2022-01-19T13:21:41+00:00\",\"dateModified\":\"2022-01-19T13:25:16+00:00\",\"breadcrumb\":{\"@id\":\"https:\/\/logicenters.sultandev.se\/sv\/ny-topprekrytering-i-sverige-logicenters-rekryterar-mikael-hillsten\/#breadcrumb\"},\"inLanguage\":\"sv-SE\",\"potentialAction\":[{\"@type\":\"ReadAction\",\"target\":[\"https:\/\/logicenters.sultandev.se\/sv\/ny-topprekrytering-i-sverige-logicenters-rekryterar-mikael-hillsten\/\"]}]},{\"@type\":\"BreadcrumbList\",\"@id\":\"https:\/\/logicenters.sultandev.se\/sv\/ny-topprekrytering-i-sverige-logicenters-rekryterar-mikael-hillsten\/#breadcrumb\",\"itemListElement\":[{\"@type\":\"ListItem\",\"position\":1,\"name\":\"Home\",\"item\":\"https:\/\/www.logicenters.sultandev.se\/sv\/\"},{\"@type\":\"ListItem\",\"position\":2,\"name\":\"Ny topprekrytering i Sverige: Logicenters rekryterar Mikael Hillsten\"}]},{\"@type\":\"WebSite\",\"@id\":\"http:\/\/www.logicenters.sultandev.se\/#website\",\"url\":\"http:\/\/www.logicenters.sultandev.se\/\",\"name\":\"Logicenters\",\"description\":\"The leader of modern logistics properties in the nordics\",\"publisher\":{\"@id\":\"http:\/\/www.logicenters.sultandev.se\/#organization\"},\"potentialAction\":[{\"@type\":\"SearchAction\",\"target\":{\"@type\":\"EntryPoint\",\"urlTemplate\":\"http:\/\/www.logicenters.sultandev.se\/?s={search_term_string}\"},\"query-input\":{\"@type\":\"PropertyValueSpecification\",\"valueRequired\":true,\"valueName\":\"search_term_string\"}}],\"inLanguage\":\"sv-SE\"},{\"@type\":\"Organization\",\"@id\":\"http:\/\/www.logicenters.sultandev.se\/#organization\",\"name\":\"Logicenters\",\"url\":\"http:\/\/www.logicenters.sultandev.se\/\",\"logo\":{\"@type\":\"ImageObject\",\"inLanguage\":\"sv-SE\",\"@id\":\"http:\/\/www.logicenters.sultandev.se\/#\/schema\/logo\/image\/\",\"url\":\"https:\/\/logicenters.sultandev.se\/uploads\/2024\/10\/LOGGA.png\",\"contentUrl\":\"https:\/\/logicenters.sultandev.se\/uploads\/2024\/10\/LOGGA.png\",\"width\":600,\"height\":74,\"caption\":\"Logicenters\"},\"image\":{\"@id\":\"http:\/\/www.logicenters.sultandev.se\/#\/schema\/logo\/image\/\"},\"sameAs\":[\"https:\/\/www.linkedin.com\/company\/logicenters\/yoast\"]},{\"@type\":\"Person\",\"@id\":\"http:\/\/www.logicenters.sultandev.se\/#\/schema\/person\/59aec831e47c8441d1a6e71b09d14421\",\"name\":\"Anna Hillinge\"}]}<\/script>\n<!-- \/ Yoast SEO plugin. -->","yoast_head_json":{"title":"Ny topprekrytering i Sverige: Logicenters rekryterar Mikael Hillsten &#8211; Logicenters","robots":{"index":"noindex","follow":"follow","max-snippet":"max-snippet:-1","max-image-preview":"max-image-preview:large","max-video-preview":"max-video-preview:-1"},"og_locale":"sv_SE","og_type":"article","og_title":"Ny topprekrytering i Sverige: Logicenters rekryterar Mikael Hillsten &#8211; Logicenters","og_description":"Logicenters har gjort \u00e4nnu en ny topprekrytering. Det senaste tillskottet \u00e4r Mikael Hillsten som tilltr\u00e4der rollen...","og_url":"https:\/\/logicenters.sultandev.se\/sv\/ny-topprekrytering-i-sverige-logicenters-rekryterar-mikael-hillsten\/","og_site_name":"Logicenters","article_published_time":"2022-01-19T13:21:41+00:00","article_modified_time":"2022-01-19T13:25:16+00:00","author":"Anna Hillinge","twitter_card":"summary_large_image","twitter_misc":{"Written by":"Anna Hillinge","Est. reading time":"2 minutes"},"schema":{"@context":"https:\/\/schema.org","@graph":[{"@type":"Article","@id":"https:\/\/logicenters.sultandev.se\/sv\/ny-topprekrytering-i-sverige-logicenters-rekryterar-mikael-hillsten\/#article","isPartOf":{"@id":"https:\/\/logicenters.sultandev.se\/sv\/ny-topprekrytering-i-sverige-logicenters-rekryterar-mikael-hillsten\/"},"author":{"name":"Anna Hillinge","@id":"http:\/\/www.logicenters.sultandev.se\/#\/schema\/person\/59aec831e47c8441d1a6e71b09d14421"},"headline":"Ny topprekrytering i Sverige: Logicenters rekryterar Mikael Hillsten","datePublished":"2022-01-19T13:21:41+00:00","dateModified":"2022-01-19T13:25:16+00:00","mainEntityOfPage":{"@id":"https:\/\/logicenters.sultandev.se\/sv\/ny-topprekrytering-i-sverige-logicenters-rekryterar-mikael-hillsten\/"},"wordCount":321,"publisher":{"@id":"http:\/\/www.logicenters.sultandev.se\/#organization"},"articleSection":["Nyheter","Press","Sverige"],"inLanguage":"sv-SE"},{"@type":"WebPage","@id":"https:\/\/logicenters.sultandev.se\/sv\/ny-topprekrytering-i-sverige-logicenters-rekryterar-mikael-hillsten\/","url":"https:\/\/logicenters.sultandev.se\/sv\/ny-topprekrytering-i-sverige-logicenters-rekryterar-mikael-hillsten\/","name":"Ny topprekrytering i Sverige: Logicenters rekryterar Mikael Hillsten &#8211; Logicenters","isPartOf":{"@id":"http:\/\/www.logicenters.sultandev.se\/#website"},"datePublished":"2022-01-19T13:21:41+00:00","dateModified":"2022-01-19T13:25:16+00:00","breadcrumb":{"@id":"https:\/\/logicenters.sultandev.se\/sv\/ny-topprekrytering-i-sverige-logicenters-rekryterar-mikael-hillsten\/#breadcrumb"},"inLanguage":"sv-SE","potentialAction":[{"@type":"ReadAction","target":["https:\/\/logicenters.sultandev.se\/sv\/ny-topprekrytering-i-sverige-logicenters-rekryterar-mikael-hillsten\/"]}]},{"@type":"BreadcrumbList","@id":"https:\/\/logicenters.sultandev.se\/sv\/ny-topprekrytering-i-sverige-logicenters-rekryterar-mikael-hillsten\/#breadcrumb","itemListElement":[{"@type":"ListItem","position":1,"name":"Home","item":"https:\/\/www.logicenters.sultandev.se\/sv\/"},{"@type":"ListItem","position":2,"name":"Ny topprekrytering i Sverige: Logicenters rekryterar Mikael Hillsten"}]},{"@type":"WebSite","@id":"http:\/\/www.logicenters.sultandev.se\/#website","url":"http:\/\/www.logicenters.sultandev.se\/","name":"Logicenters","description":"The leader of modern logistics properties in the nordics","publisher":{"@id":"http:\/\/www.logicenters.sultandev.se\/#organization"},"potentialAction":[{"@type":"SearchAction","target":{"@type":"EntryPoint","urlTemplate":"http:\/\/www.logicenters.sultandev.se\/?s={search_term_string}"},"query-input":{"@type":"PropertyValueSpecification","valueRequired":true,"valueName":"search_term_string"}}],"inLanguage":"sv-SE"},{"@type":"Organization","@id":"http:\/\/www.logicenters.sultandev.se\/#organization","name":"Logicenters","url":"http:\/\/www.logicenters.sultandev.se\/","logo":{"@type":"ImageObject","inLanguage":"sv-SE","@id":"http:\/\/www.logicenters.sultandev.se\/#\/schema\/logo\/image\/","url":"https:\/\/logicenters.sultandev.se\/uploads\/2024\/10\/LOGGA.png","contentUrl":"https:\/\/logicenters.sultandev.se\/uploads\/2024\/10\/LOGGA.png","width":600,"height":74,"caption":"Logicenters"},"image":{"@id":"http:\/\/www.logicenters.sultandev.se\/#\/schema\/logo\/image\/"},"sameAs":["https:\/\/www.linkedin.com\/company\/logicenters\/yoast"]},{"@type":"Person","@id":"http:\/\/www.logicenters.sultandev.se\/#\/schema\/person\/59aec831e47c8441d1a6e71b09d14421","name":"Anna Hillinge"}]}},"_links":{"self":[{"href":"https:\/\/logicenters.sultandev.se\/sv\/wp-json\/wp\/v2\/posts\/20707","targetHints":{"allow":["GET"]}}],"collection":[{"href":"https:\/\/logicenters.sultandev.se\/sv\/wp-json\/wp\/v2\/posts"}],"about":[{"href":"https:\/\/logicenters.sultandev.se\/sv\/wp-json\/wp\/v2\/types\/post"}],"author":[{"embeddable":true,"href":"https:\/\/logicenters.sultandev.se\/sv\/wp-json\/wp\/v2\/users\/6"}],"replies":[{"embeddable":true,"href":"https:\/\/logicenters.sultandev.se\/sv\/wp-json\/wp\/v2\/comments?post=20707"}],"version-history":[{"count":2,"href":"https:\/\/logicenters.sultandev.se\/sv\/wp-json\/wp\/v2\/posts\/20707\/revisions"}],"predecessor-version":[{"id":20709,"href":"https:\/\/logicenters.sultandev.se\/sv\/wp-json\/wp\/v2\/posts\/20707\/revisions\/20709"}],"wp:attachment":[{"href":"https:\/\/logicenters.sultandev.se\/sv\/wp-json\/wp\/v2\/media?parent=20707"}],"wp:term":[{"taxonomy":"category","embeddable":true,"href":"https:\/\/logicenters.sultandev.se\/sv\/wp-json\/wp\/v2\/categories?post=20707"},{"taxonomy":"post_tag","embeddable":true,"href":"https:\/\/logicenters.sultandev.se\/sv\/wp-json\/wp\/v2\/tags?post=20707"}],"curies":[{"name":"wp","href":"https:\/\/api.w.org\/{rel}","templated":true}]}}