{"id":19864,"date":"2021-10-14T11:50:00","date_gmt":"2021-10-14T11:50:00","guid":{"rendered":"http:\/\/www.logicenters.com\/?p=19864"},"modified":"2021-10-14T11:51:20","modified_gmt":"2021-10-14T11:51:20","slug":"starker-sin-narvaro-i-sverige-byggstart-for-logicenters-anlaggning-i-orebro","status":"publish","type":"post","link":"https:\/\/logicenters.sultandev.se\/sv\/starker-sin-narvaro-i-sverige-byggstart-for-logicenters-anlaggning-i-orebro\/","title":{"rendered":"St\u00e4rker sin n\u00e4rvaro i Sverige: Byggstart f\u00f6r Logicenters anl\u00e4ggning i \u00d6rebro"},"content":{"rendered":"<p><strong>Nu forts\u00e4tter logistikfastighetsakt\u00f6ren att etablera sig runt om i Sverige. Logicenters inleder nu bygget f\u00f6r deras fastighet i Pil\u00e4ngen logistikpark i \u00d6rebro. Fastigheten ber\u00e4knas omfatta en yta om 14 500 m<sup>2<\/sup> och f\u00f6rv\u00e4ntas st\u00e5 klart under h\u00f6sten 2022.<\/strong><\/p>\n<p>Det \u00e4r p\u00e5 V\u00e4ltgatan i \u00d6rebro som Logicenters p\u00e5b\u00f6rjar utvecklingen av sin f\u00f6rsta anl\u00e4ggning i regionen. Den moderna logistikanl\u00e4ggningen som har en total yta om 14\u00a0500 m<sup>2<\/sup> \u00e4r fullt uthyrd och planeras att f\u00e4rdigst\u00e4llas under h\u00f6sten 2022. I enlighet med Logicenters \u00f6vriga nyutvecklingar kommer fastigheten att ha en tydlig milj\u00f6profil. Ambitionen \u00e4r att fastigheterna ska milj\u00f6certifieras enligt BREEAM Very Good och fastigheterna kommer \u00e4ven att utrustas med solcellspaneler.<\/p>\n<p><em>\u201dVi \u00e4r mycket glada \u00f6ver att vi nu etablerar oss i \u00d6rebro d\u00e5 vi ser en stor potential i omr\u00e5det. Anl\u00e4ggningen \u00e4r strategiskt placerad i Pil\u00e4ngen med goda kommunikationer och n\u00e4rhet till storstadsregionerna. Dessutom anses \u00d6rebro vara ett av de fr\u00e4msta logistikomr\u00e5dena i Sverige och v\u00e5r n\u00e4rvaro i regionen \u00e4r viktig f\u00f6r att st\u00e4rka Logicenters position som en ledande logistikakt\u00f6r i Norden ytterligare.\u201d, <\/em>s\u00e4ger Matthias Kettelhoit, CEO p\u00e5 Logicenters.<\/p>\n<p>Logicenters nya moderna logistikanl\u00e4ggning \u00e4r strategiskt bel\u00e4gen i en logistikpark med n\u00e4rhet till b\u00e5de flygplats och europav\u00e4garna E18 och E20. Sedan tidigare verkar \u00e4ven stora akt\u00f6rer i omr\u00e5det s\u00e5 som Swedol, Postnord och Schenker.<\/p>\n<p><strong><em>\u201d<\/em><\/strong><em>Vi vill varmt v\u00e4lkomna Logicenters till \u00d6rebro. Vi \u00e4r mycket stolta \u00f6ver att en av Sveriges logistikakt\u00f6rer v\u00e4ljer att etablera sig i v\u00e5r kommun. F\u00f6r oss \u00e4r det viktigt att vi forts\u00e4tter arbeta med att det finns mark f\u00e4rdig f\u00f6r f\u00f6retag att etablera sig p\u00e5, n\u00e5got som vi tror kommer att skapa m\u00f6jligheten till fler arbetstillf\u00e4llen och \u00f6ka syssels\u00e4ttningen i v\u00e5r kommun. Dessutom \u00e4r den h\u00e4r etableringen ett bevis p\u00e5 f\u00f6rdelarna med \u00d6rebros strategiska l\u00e4ge och vi tror att det h\u00e4r kan vara det f\u00f6rsta av flera samarbeten fram\u00f6ver.\u201d <\/em>s\u00e4ger John Johansson (S), kommunstyrelsens ordf\u00f6rande p\u00e5 \u00d6rebro kommun.<\/p>\n","protected":false},"excerpt":{"rendered":"<p>Nu forts\u00e4tter logistikfastighetsakt\u00f6ren att etablera sig runt om i Sverige. Logicenters inleder nu bygget f\u00f6r deras&#8230;<\/p>\n","protected":false},"author":6,"featured_media":0,"comment_status":"closed","ping_status":"closed","sticky":false,"template":"","format":"standard","meta":{"_acf_changed":false,"footnotes":""},"categories":[214,213,81],"tags":[],"class_list":["post-19864","post","type-post","status-publish","format-standard","hentry","category-nyheter","category-press-sv","category-sverige"],"acf":[],"yoast_head":"<!-- This site is optimized with the Yoast SEO plugin v23.8 - https:\/\/yoast.com\/wordpress\/plugins\/seo\/ -->\n<title>St\u00e4rker sin n\u00e4rvaro i Sverige: Byggstart f\u00f6r Logicenters anl\u00e4ggning i \u00d6rebro &#8211; Logicenters<\/title>\n<meta name=\"robots\" content=\"noindex, follow, max-snippet:-1, max-image-preview:large, max-video-preview:-1\" \/>\n<meta property=\"og:locale\" content=\"sv_SE\" \/>\n<meta property=\"og:type\" content=\"article\" \/>\n<meta property=\"og:title\" content=\"St\u00e4rker sin n\u00e4rvaro i Sverige: Byggstart f\u00f6r Logicenters anl\u00e4ggning i \u00d6rebro &#8211; Logicenters\" \/>\n<meta property=\"og:description\" content=\"Nu forts\u00e4tter logistikfastighetsakt\u00f6ren att etablera sig runt om i Sverige. Logicenters inleder nu bygget f\u00f6r deras...\" \/>\n<meta property=\"og:url\" content=\"https:\/\/logicenters.sultandev.se\/sv\/starker-sin-narvaro-i-sverige-byggstart-for-logicenters-anlaggning-i-orebro\/\" \/>\n<meta property=\"og:site_name\" content=\"Logicenters\" \/>\n<meta property=\"article:published_time\" content=\"2021-10-14T11:50:00+00:00\" \/>\n<meta property=\"article:modified_time\" content=\"2021-10-14T11:51:20+00:00\" \/>\n<meta name=\"author\" content=\"Anna Hillinge\" \/>\n<meta name=\"twitter:card\" content=\"summary_large_image\" \/>\n<meta name=\"twitter:label1\" content=\"Written by\" \/>\n\t<meta name=\"twitter:data1\" content=\"Anna Hillinge\" \/>\n\t<meta name=\"twitter:label2\" content=\"Est. reading time\" \/>\n\t<meta name=\"twitter:data2\" content=\"2 minutes\" \/>\n<script type=\"application\/ld+json\" class=\"yoast-schema-graph\">{\"@context\":\"https:\/\/schema.org\",\"@graph\":[{\"@type\":\"Article\",\"@id\":\"https:\/\/logicenters.sultandev.se\/sv\/starker-sin-narvaro-i-sverige-byggstart-for-logicenters-anlaggning-i-orebro\/#article\",\"isPartOf\":{\"@id\":\"https:\/\/logicenters.sultandev.se\/sv\/starker-sin-narvaro-i-sverige-byggstart-for-logicenters-anlaggning-i-orebro\/\"},\"author\":{\"name\":\"Anna Hillinge\",\"@id\":\"https:\/\/logicenters.sultandev.se\/#\/schema\/person\/59aec831e47c8441d1a6e71b09d14421\"},\"headline\":\"St\u00e4rker sin n\u00e4rvaro i Sverige: Byggstart f\u00f6r Logicenters anl\u00e4ggning i \u00d6rebro\",\"datePublished\":\"2021-10-14T11:50:00+00:00\",\"dateModified\":\"2021-10-14T11:51:20+00:00\",\"mainEntityOfPage\":{\"@id\":\"https:\/\/logicenters.sultandev.se\/sv\/starker-sin-narvaro-i-sverige-byggstart-for-logicenters-anlaggning-i-orebro\/\"},\"wordCount\":377,\"publisher\":{\"@id\":\"https:\/\/logicenters.sultandev.se\/#organization\"},\"articleSection\":[\"Nyheter\",\"Press\",\"Sverige\"],\"inLanguage\":\"sv-SE\"},{\"@type\":\"WebPage\",\"@id\":\"https:\/\/logicenters.sultandev.se\/sv\/starker-sin-narvaro-i-sverige-byggstart-for-logicenters-anlaggning-i-orebro\/\",\"url\":\"https:\/\/logicenters.sultandev.se\/sv\/starker-sin-narvaro-i-sverige-byggstart-for-logicenters-anlaggning-i-orebro\/\",\"name\":\"St\u00e4rker sin n\u00e4rvaro i Sverige: Byggstart f\u00f6r Logicenters anl\u00e4ggning i \u00d6rebro &#8211; Logicenters\",\"isPartOf\":{\"@id\":\"https:\/\/logicenters.sultandev.se\/#website\"},\"datePublished\":\"2021-10-14T11:50:00+00:00\",\"dateModified\":\"2021-10-14T11:51:20+00:00\",\"breadcrumb\":{\"@id\":\"https:\/\/logicenters.sultandev.se\/sv\/starker-sin-narvaro-i-sverige-byggstart-for-logicenters-anlaggning-i-orebro\/#breadcrumb\"},\"inLanguage\":\"sv-SE\",\"potentialAction\":[{\"@type\":\"ReadAction\",\"target\":[\"https:\/\/logicenters.sultandev.se\/sv\/starker-sin-narvaro-i-sverige-byggstart-for-logicenters-anlaggning-i-orebro\/\"]}]},{\"@type\":\"BreadcrumbList\",\"@id\":\"https:\/\/logicenters.sultandev.se\/sv\/starker-sin-narvaro-i-sverige-byggstart-for-logicenters-anlaggning-i-orebro\/#breadcrumb\",\"itemListElement\":[{\"@type\":\"ListItem\",\"position\":1,\"name\":\"Home\",\"item\":\"https:\/\/www.logicenters.sultandev.se\/sv\/\"},{\"@type\":\"ListItem\",\"position\":2,\"name\":\"St\u00e4rker sin n\u00e4rvaro i Sverige: Byggstart f\u00f6r Logicenters anl\u00e4ggning i \u00d6rebro\"}]},{\"@type\":\"WebSite\",\"@id\":\"https:\/\/logicenters.sultandev.se\/#website\",\"url\":\"https:\/\/logicenters.sultandev.se\/\",\"name\":\"Logicenters\",\"description\":\"The leader of modern logistics properties in the nordics\",\"publisher\":{\"@id\":\"https:\/\/logicenters.sultandev.se\/#organization\"},\"potentialAction\":[{\"@type\":\"SearchAction\",\"target\":{\"@type\":\"EntryPoint\",\"urlTemplate\":\"https:\/\/logicenters.sultandev.se\/?s={search_term_string}\"},\"query-input\":{\"@type\":\"PropertyValueSpecification\",\"valueRequired\":true,\"valueName\":\"search_term_string\"}}],\"inLanguage\":\"sv-SE\"},{\"@type\":\"Organization\",\"@id\":\"https:\/\/logicenters.sultandev.se\/#organization\",\"name\":\"Logicenters\",\"url\":\"https:\/\/logicenters.sultandev.se\/\",\"logo\":{\"@type\":\"ImageObject\",\"inLanguage\":\"sv-SE\",\"@id\":\"https:\/\/logicenters.sultandev.se\/#\/schema\/logo\/image\/\",\"url\":\"https:\/\/logicenters.sultandev.se\/uploads\/2024\/10\/LOGGA.png\",\"contentUrl\":\"https:\/\/logicenters.sultandev.se\/uploads\/2024\/10\/LOGGA.png\",\"width\":600,\"height\":74,\"caption\":\"Logicenters\"},\"image\":{\"@id\":\"https:\/\/logicenters.sultandev.se\/#\/schema\/logo\/image\/\"},\"sameAs\":[\"https:\/\/www.linkedin.com\/company\/logicenters\/yoast\"]},{\"@type\":\"Person\",\"@id\":\"https:\/\/logicenters.sultandev.se\/#\/schema\/person\/59aec831e47c8441d1a6e71b09d14421\",\"name\":\"Anna Hillinge\"}]}<\/script>\n<!-- \/ Yoast SEO plugin. -->","yoast_head_json":{"title":"St\u00e4rker sin n\u00e4rvaro i Sverige: Byggstart f\u00f6r Logicenters anl\u00e4ggning i \u00d6rebro &#8211; Logicenters","robots":{"index":"noindex","follow":"follow","max-snippet":"max-snippet:-1","max-image-preview":"max-image-preview:large","max-video-preview":"max-video-preview:-1"},"og_locale":"sv_SE","og_type":"article","og_title":"St\u00e4rker sin n\u00e4rvaro i Sverige: Byggstart f\u00f6r Logicenters anl\u00e4ggning i \u00d6rebro &#8211; Logicenters","og_description":"Nu forts\u00e4tter logistikfastighetsakt\u00f6ren att etablera sig runt om i Sverige. Logicenters inleder nu bygget f\u00f6r deras...","og_url":"https:\/\/logicenters.sultandev.se\/sv\/starker-sin-narvaro-i-sverige-byggstart-for-logicenters-anlaggning-i-orebro\/","og_site_name":"Logicenters","article_published_time":"2021-10-14T11:50:00+00:00","article_modified_time":"2021-10-14T11:51:20+00:00","author":"Anna Hillinge","twitter_card":"summary_large_image","twitter_misc":{"Written by":"Anna Hillinge","Est. reading time":"2 minutes"},"schema":{"@context":"https:\/\/schema.org","@graph":[{"@type":"Article","@id":"https:\/\/logicenters.sultandev.se\/sv\/starker-sin-narvaro-i-sverige-byggstart-for-logicenters-anlaggning-i-orebro\/#article","isPartOf":{"@id":"https:\/\/logicenters.sultandev.se\/sv\/starker-sin-narvaro-i-sverige-byggstart-for-logicenters-anlaggning-i-orebro\/"},"author":{"name":"Anna Hillinge","@id":"https:\/\/logicenters.sultandev.se\/#\/schema\/person\/59aec831e47c8441d1a6e71b09d14421"},"headline":"St\u00e4rker sin n\u00e4rvaro i Sverige: Byggstart f\u00f6r Logicenters anl\u00e4ggning i \u00d6rebro","datePublished":"2021-10-14T11:50:00+00:00","dateModified":"2021-10-14T11:51:20+00:00","mainEntityOfPage":{"@id":"https:\/\/logicenters.sultandev.se\/sv\/starker-sin-narvaro-i-sverige-byggstart-for-logicenters-anlaggning-i-orebro\/"},"wordCount":377,"publisher":{"@id":"https:\/\/logicenters.sultandev.se\/#organization"},"articleSection":["Nyheter","Press","Sverige"],"inLanguage":"sv-SE"},{"@type":"WebPage","@id":"https:\/\/logicenters.sultandev.se\/sv\/starker-sin-narvaro-i-sverige-byggstart-for-logicenters-anlaggning-i-orebro\/","url":"https:\/\/logicenters.sultandev.se\/sv\/starker-sin-narvaro-i-sverige-byggstart-for-logicenters-anlaggning-i-orebro\/","name":"St\u00e4rker sin n\u00e4rvaro i Sverige: Byggstart f\u00f6r Logicenters anl\u00e4ggning i \u00d6rebro &#8211; Logicenters","isPartOf":{"@id":"https:\/\/logicenters.sultandev.se\/#website"},"datePublished":"2021-10-14T11:50:00+00:00","dateModified":"2021-10-14T11:51:20+00:00","breadcrumb":{"@id":"https:\/\/logicenters.sultandev.se\/sv\/starker-sin-narvaro-i-sverige-byggstart-for-logicenters-anlaggning-i-orebro\/#breadcrumb"},"inLanguage":"sv-SE","potentialAction":[{"@type":"ReadAction","target":["https:\/\/logicenters.sultandev.se\/sv\/starker-sin-narvaro-i-sverige-byggstart-for-logicenters-anlaggning-i-orebro\/"]}]},{"@type":"BreadcrumbList","@id":"https:\/\/logicenters.sultandev.se\/sv\/starker-sin-narvaro-i-sverige-byggstart-for-logicenters-anlaggning-i-orebro\/#breadcrumb","itemListElement":[{"@type":"ListItem","position":1,"name":"Home","item":"https:\/\/www.logicenters.sultandev.se\/sv\/"},{"@type":"ListItem","position":2,"name":"St\u00e4rker sin n\u00e4rvaro i Sverige: Byggstart f\u00f6r Logicenters anl\u00e4ggning i \u00d6rebro"}]},{"@type":"WebSite","@id":"https:\/\/logicenters.sultandev.se\/#website","url":"https:\/\/logicenters.sultandev.se\/","name":"Logicenters","description":"The leader of modern logistics properties in the nordics","publisher":{"@id":"https:\/\/logicenters.sultandev.se\/#organization"},"potentialAction":[{"@type":"SearchAction","target":{"@type":"EntryPoint","urlTemplate":"https:\/\/logicenters.sultandev.se\/?s={search_term_string}"},"query-input":{"@type":"PropertyValueSpecification","valueRequired":true,"valueName":"search_term_string"}}],"inLanguage":"sv-SE"},{"@type":"Organization","@id":"https:\/\/logicenters.sultandev.se\/#organization","name":"Logicenters","url":"https:\/\/logicenters.sultandev.se\/","logo":{"@type":"ImageObject","inLanguage":"sv-SE","@id":"https:\/\/logicenters.sultandev.se\/#\/schema\/logo\/image\/","url":"https:\/\/logicenters.sultandev.se\/uploads\/2024\/10\/LOGGA.png","contentUrl":"https:\/\/logicenters.sultandev.se\/uploads\/2024\/10\/LOGGA.png","width":600,"height":74,"caption":"Logicenters"},"image":{"@id":"https:\/\/logicenters.sultandev.se\/#\/schema\/logo\/image\/"},"sameAs":["https:\/\/www.linkedin.com\/company\/logicenters\/yoast"]},{"@type":"Person","@id":"https:\/\/logicenters.sultandev.se\/#\/schema\/person\/59aec831e47c8441d1a6e71b09d14421","name":"Anna Hillinge"}]}},"_links":{"self":[{"href":"https:\/\/logicenters.sultandev.se\/sv\/wp-json\/wp\/v2\/posts\/19864","targetHints":{"allow":["GET"]}}],"collection":[{"href":"https:\/\/logicenters.sultandev.se\/sv\/wp-json\/wp\/v2\/posts"}],"about":[{"href":"https:\/\/logicenters.sultandev.se\/sv\/wp-json\/wp\/v2\/types\/post"}],"author":[{"embeddable":true,"href":"https:\/\/logicenters.sultandev.se\/sv\/wp-json\/wp\/v2\/users\/6"}],"replies":[{"embeddable":true,"href":"https:\/\/logicenters.sultandev.se\/sv\/wp-json\/wp\/v2\/comments?post=19864"}],"version-history":[{"count":2,"href":"https:\/\/logicenters.sultandev.se\/sv\/wp-json\/wp\/v2\/posts\/19864\/revisions"}],"predecessor-version":[{"id":19866,"href":"https:\/\/logicenters.sultandev.se\/sv\/wp-json\/wp\/v2\/posts\/19864\/revisions\/19866"}],"wp:attachment":[{"href":"https:\/\/logicenters.sultandev.se\/sv\/wp-json\/wp\/v2\/media?parent=19864"}],"wp:term":[{"taxonomy":"category","embeddable":true,"href":"https:\/\/logicenters.sultandev.se\/sv\/wp-json\/wp\/v2\/categories?post=19864"},{"taxonomy":"post_tag","embeddable":true,"href":"https:\/\/logicenters.sultandev.se\/sv\/wp-json\/wp\/v2\/tags?post=19864"}],"curies":[{"name":"wp","href":"https:\/\/api.w.org\/{rel}","templated":true}]}}