{"id":19050,"date":"2021-08-24T09:10:49","date_gmt":"2021-08-24T09:10:49","guid":{"rendered":"http:\/\/www.logicenters.com\/?p=19050"},"modified":"2021-08-24T09:14:08","modified_gmt":"2021-08-24T09:14:08","slug":"ny-topprekrytering-i-sverige-logicenters-rekryterar-kristoffer-sandberg","status":"publish","type":"post","link":"https:\/\/logicenters.sultandev.se\/sv\/ny-topprekrytering-i-sverige-logicenters-rekryterar-kristoffer-sandberg\/","title":{"rendered":"Ny topprekrytering i Sverige: Logicenters rekryterar Kristoffer Sandberg"},"content":{"rendered":"<p><strong>Nu st\u00e5r det klart att Logicenters g\u00f6r \u00e4nnu en topprekrytering. Det nya tillskottet \u00e4r Kristoffer Sandberg som tilltr\u00e4der rollen Head of Transactions and Business Development f\u00f6r Logicenters i Sverige. Kristoffer har en gedigen erfarenhet av aff\u00e4rsutveckling inom fastighets- och logistikmarknaden och kommer senast fr\u00e5n Cushman &amp; Wakefield som Head of Capital Markets.<\/strong><\/p>\n<p>Logistikfastighetsakt\u00f6ren forts\u00e4tter att st\u00e4rka sin position i Norden med en ny topprekrytering. I Sverige ansluter Kristoffer Sandberg som ska leda den fortsatta aff\u00e4rsutvecklingen och logistikfastighetsakt\u00f6rens transaktioner i Sverige. Senast kommer han fr\u00e5n Cushman &amp; Wakefield med gedigen erfarenhet av transaktioner inom logistikbranschen.<\/p>\n<p><em>\u201dDet h\u00e4r \u00e4r en topprekrytering vi verkligen \u00e4r n\u00f6jda med. Kristoffer \u00e4r en av de r\u00e5dgivare som l\u00e4nge utm\u00e4rkt sig inom logistikbranschen i Sverige. Han besitter en v\u00e4rdefull erfarenhet av aff\u00e4rsutveckling och har varit en del av en rad stora transaktioner. Just nu befinner sig Logicenters i en stark tillv\u00e4xtfas och den h\u00e4r rekryteringen \u00e4r en del av den stora satsning som vi g\u00f6r. Med Kristoffers l\u00e5nga erfarenhet som r\u00e5dgivare inom logistikbranschen s\u00e5 kommer han att bli en viktig del i att f\u00f6ra Logicenters fram\u00e5t. Jag vill varmt v\u00e4lkomna Kristoffer till v\u00e5rt team och ser fram emot att arbeta tillsammans\u201d,<\/em> s\u00e4ger Matthias Kettelhoit, CEO p\u00e5 Logicenters.<\/p>\n<p>Kristoffer Sandberg kommer n\u00e4rmast fr\u00e5n Cushman &amp; Wakefield d\u00e4r han \u00e4r Partner och Head of Capital Markets samt ansvarig f\u00f6r den pan-nordiska transaktionsr\u00e5dgivningen inom logistik -och industrifastigheter. Innan dess var han Head of Transactions p\u00e5 investmentbolaget VINCERO d\u00e4r han var en nyckelperson i att utveckla f\u00f6retagets fastighetsportf\u00f6lj.<\/p>\n<p><em>\u201dAtt f\u00e5 ansluta till den fr\u00e4msta akt\u00f6ren inom logistikfastigheter k\u00e4nns oerh\u00f6rt sp\u00e4nnande och utmanande. Jag har en l\u00e5ng erfarenhet av transaktionsr\u00e5dgivning inom fastighetsbranschen, med fokus p\u00e5 logistik- och industrisektorn. Det k\u00e4ndes d\u00e4rf\u00f6r naturligt att g\u00e5 \u00f6ver till investeringssidan och f\u00f6r mig fanns det bara ett bolag och team som var intressant, vilket var Logicenters. De \u00e4r den starkaste akt\u00f6ren inom branschen s\u00e5 n\u00e4r m\u00f6jligheten d\u00f6k upp var det ett sj\u00e4lvklart val f\u00f6r mig att vara en del av Logicenters fortsatta tillv\u00e4xtresa. Jag ser fram emot att forts\u00e4tta utveckla Logicenters arbete och portf\u00f6lj tillsammans med mitt nya team\u201d,<\/em> s\u00e4ger Kristoffer Sandberg.<\/p>\n","protected":false},"excerpt":{"rendered":"<p>Nu st\u00e5r det klart att Logicenters g\u00f6r \u00e4nnu en topprekrytering. Det nya tillskottet \u00e4r Kristoffer Sandberg&#8230;<\/p>\n","protected":false},"author":6,"featured_media":0,"comment_status":"closed","ping_status":"closed","sticky":false,"template":"","format":"standard","meta":{"_acf_changed":false,"footnotes":""},"categories":[214,213,81],"tags":[],"class_list":["post-19050","post","type-post","status-publish","format-standard","hentry","category-nyheter","category-press-sv","category-sverige"],"acf":[],"yoast_head":"<!-- This site is optimized with the Yoast SEO plugin v23.8 - https:\/\/yoast.com\/wordpress\/plugins\/seo\/ -->\n<title>Ny topprekrytering i Sverige: Logicenters rekryterar Kristoffer Sandberg &#8211; Logicenters<\/title>\n<meta name=\"robots\" content=\"noindex, follow, max-snippet:-1, max-image-preview:large, max-video-preview:-1\" \/>\n<meta property=\"og:locale\" content=\"sv_SE\" \/>\n<meta property=\"og:type\" content=\"article\" \/>\n<meta property=\"og:title\" content=\"Ny topprekrytering i Sverige: Logicenters rekryterar Kristoffer Sandberg &#8211; Logicenters\" \/>\n<meta property=\"og:description\" content=\"Nu st\u00e5r det klart att Logicenters g\u00f6r \u00e4nnu en topprekrytering. Det nya tillskottet \u00e4r Kristoffer Sandberg...\" \/>\n<meta property=\"og:url\" content=\"https:\/\/logicenters.sultandev.se\/sv\/ny-topprekrytering-i-sverige-logicenters-rekryterar-kristoffer-sandberg\/\" \/>\n<meta property=\"og:site_name\" content=\"Logicenters\" \/>\n<meta property=\"article:published_time\" content=\"2021-08-24T09:10:49+00:00\" \/>\n<meta property=\"article:modified_time\" content=\"2021-08-24T09:14:08+00:00\" \/>\n<meta name=\"author\" content=\"Anna Hillinge\" \/>\n<meta name=\"twitter:card\" content=\"summary_large_image\" \/>\n<meta name=\"twitter:label1\" content=\"Written by\" \/>\n\t<meta name=\"twitter:data1\" content=\"Anna Hillinge\" \/>\n\t<meta name=\"twitter:label2\" content=\"Est. reading time\" \/>\n\t<meta name=\"twitter:data2\" content=\"2 minutes\" \/>\n<script type=\"application\/ld+json\" class=\"yoast-schema-graph\">{\"@context\":\"https:\/\/schema.org\",\"@graph\":[{\"@type\":\"Article\",\"@id\":\"https:\/\/logicenters.sultandev.se\/sv\/ny-topprekrytering-i-sverige-logicenters-rekryterar-kristoffer-sandberg\/#article\",\"isPartOf\":{\"@id\":\"https:\/\/logicenters.sultandev.se\/sv\/ny-topprekrytering-i-sverige-logicenters-rekryterar-kristoffer-sandberg\/\"},\"author\":{\"name\":\"Anna Hillinge\",\"@id\":\"https:\/\/logicenters.sultandev.se\/#\/schema\/person\/59aec831e47c8441d1a6e71b09d14421\"},\"headline\":\"Ny topprekrytering i Sverige: Logicenters rekryterar Kristoffer Sandberg\",\"datePublished\":\"2021-08-24T09:10:49+00:00\",\"dateModified\":\"2021-08-24T09:14:08+00:00\",\"mainEntityOfPage\":{\"@id\":\"https:\/\/logicenters.sultandev.se\/sv\/ny-topprekrytering-i-sverige-logicenters-rekryterar-kristoffer-sandberg\/\"},\"wordCount\":413,\"publisher\":{\"@id\":\"https:\/\/logicenters.sultandev.se\/#organization\"},\"articleSection\":[\"Nyheter\",\"Press\",\"Sverige\"],\"inLanguage\":\"sv-SE\"},{\"@type\":\"WebPage\",\"@id\":\"https:\/\/logicenters.sultandev.se\/sv\/ny-topprekrytering-i-sverige-logicenters-rekryterar-kristoffer-sandberg\/\",\"url\":\"https:\/\/logicenters.sultandev.se\/sv\/ny-topprekrytering-i-sverige-logicenters-rekryterar-kristoffer-sandberg\/\",\"name\":\"Ny topprekrytering i Sverige: Logicenters rekryterar Kristoffer Sandberg &#8211; Logicenters\",\"isPartOf\":{\"@id\":\"https:\/\/logicenters.sultandev.se\/#website\"},\"datePublished\":\"2021-08-24T09:10:49+00:00\",\"dateModified\":\"2021-08-24T09:14:08+00:00\",\"breadcrumb\":{\"@id\":\"https:\/\/logicenters.sultandev.se\/sv\/ny-topprekrytering-i-sverige-logicenters-rekryterar-kristoffer-sandberg\/#breadcrumb\"},\"inLanguage\":\"sv-SE\",\"potentialAction\":[{\"@type\":\"ReadAction\",\"target\":[\"https:\/\/logicenters.sultandev.se\/sv\/ny-topprekrytering-i-sverige-logicenters-rekryterar-kristoffer-sandberg\/\"]}]},{\"@type\":\"BreadcrumbList\",\"@id\":\"https:\/\/logicenters.sultandev.se\/sv\/ny-topprekrytering-i-sverige-logicenters-rekryterar-kristoffer-sandberg\/#breadcrumb\",\"itemListElement\":[{\"@type\":\"ListItem\",\"position\":1,\"name\":\"Home\",\"item\":\"https:\/\/www.logicenters.sultandev.se\/sv\/\"},{\"@type\":\"ListItem\",\"position\":2,\"name\":\"Ny topprekrytering i Sverige: Logicenters rekryterar Kristoffer Sandberg\"}]},{\"@type\":\"WebSite\",\"@id\":\"https:\/\/logicenters.sultandev.se\/#website\",\"url\":\"https:\/\/logicenters.sultandev.se\/\",\"name\":\"Logicenters\",\"description\":\"The leader of modern logistics properties in the nordics\",\"publisher\":{\"@id\":\"https:\/\/logicenters.sultandev.se\/#organization\"},\"potentialAction\":[{\"@type\":\"SearchAction\",\"target\":{\"@type\":\"EntryPoint\",\"urlTemplate\":\"https:\/\/logicenters.sultandev.se\/?s={search_term_string}\"},\"query-input\":{\"@type\":\"PropertyValueSpecification\",\"valueRequired\":true,\"valueName\":\"search_term_string\"}}],\"inLanguage\":\"sv-SE\"},{\"@type\":\"Organization\",\"@id\":\"https:\/\/logicenters.sultandev.se\/#organization\",\"name\":\"Logicenters\",\"url\":\"https:\/\/logicenters.sultandev.se\/\",\"logo\":{\"@type\":\"ImageObject\",\"inLanguage\":\"sv-SE\",\"@id\":\"https:\/\/logicenters.sultandev.se\/#\/schema\/logo\/image\/\",\"url\":\"https:\/\/logicenters.sultandev.se\/uploads\/2024\/10\/LOGGA.png\",\"contentUrl\":\"https:\/\/logicenters.sultandev.se\/uploads\/2024\/10\/LOGGA.png\",\"width\":600,\"height\":74,\"caption\":\"Logicenters\"},\"image\":{\"@id\":\"https:\/\/logicenters.sultandev.se\/#\/schema\/logo\/image\/\"},\"sameAs\":[\"https:\/\/www.linkedin.com\/company\/logicenters\/yoast\"]},{\"@type\":\"Person\",\"@id\":\"https:\/\/logicenters.sultandev.se\/#\/schema\/person\/59aec831e47c8441d1a6e71b09d14421\",\"name\":\"Anna Hillinge\"}]}<\/script>\n<!-- \/ Yoast SEO plugin. -->","yoast_head_json":{"title":"Ny topprekrytering i Sverige: Logicenters rekryterar Kristoffer Sandberg &#8211; Logicenters","robots":{"index":"noindex","follow":"follow","max-snippet":"max-snippet:-1","max-image-preview":"max-image-preview:large","max-video-preview":"max-video-preview:-1"},"og_locale":"sv_SE","og_type":"article","og_title":"Ny topprekrytering i Sverige: Logicenters rekryterar Kristoffer Sandberg &#8211; Logicenters","og_description":"Nu st\u00e5r det klart att Logicenters g\u00f6r \u00e4nnu en topprekrytering. Det nya tillskottet \u00e4r Kristoffer Sandberg...","og_url":"https:\/\/logicenters.sultandev.se\/sv\/ny-topprekrytering-i-sverige-logicenters-rekryterar-kristoffer-sandberg\/","og_site_name":"Logicenters","article_published_time":"2021-08-24T09:10:49+00:00","article_modified_time":"2021-08-24T09:14:08+00:00","author":"Anna Hillinge","twitter_card":"summary_large_image","twitter_misc":{"Written by":"Anna Hillinge","Est. reading time":"2 minutes"},"schema":{"@context":"https:\/\/schema.org","@graph":[{"@type":"Article","@id":"https:\/\/logicenters.sultandev.se\/sv\/ny-topprekrytering-i-sverige-logicenters-rekryterar-kristoffer-sandberg\/#article","isPartOf":{"@id":"https:\/\/logicenters.sultandev.se\/sv\/ny-topprekrytering-i-sverige-logicenters-rekryterar-kristoffer-sandberg\/"},"author":{"name":"Anna Hillinge","@id":"https:\/\/logicenters.sultandev.se\/#\/schema\/person\/59aec831e47c8441d1a6e71b09d14421"},"headline":"Ny topprekrytering i Sverige: Logicenters rekryterar Kristoffer Sandberg","datePublished":"2021-08-24T09:10:49+00:00","dateModified":"2021-08-24T09:14:08+00:00","mainEntityOfPage":{"@id":"https:\/\/logicenters.sultandev.se\/sv\/ny-topprekrytering-i-sverige-logicenters-rekryterar-kristoffer-sandberg\/"},"wordCount":413,"publisher":{"@id":"https:\/\/logicenters.sultandev.se\/#organization"},"articleSection":["Nyheter","Press","Sverige"],"inLanguage":"sv-SE"},{"@type":"WebPage","@id":"https:\/\/logicenters.sultandev.se\/sv\/ny-topprekrytering-i-sverige-logicenters-rekryterar-kristoffer-sandberg\/","url":"https:\/\/logicenters.sultandev.se\/sv\/ny-topprekrytering-i-sverige-logicenters-rekryterar-kristoffer-sandberg\/","name":"Ny topprekrytering i Sverige: Logicenters rekryterar Kristoffer Sandberg &#8211; Logicenters","isPartOf":{"@id":"https:\/\/logicenters.sultandev.se\/#website"},"datePublished":"2021-08-24T09:10:49+00:00","dateModified":"2021-08-24T09:14:08+00:00","breadcrumb":{"@id":"https:\/\/logicenters.sultandev.se\/sv\/ny-topprekrytering-i-sverige-logicenters-rekryterar-kristoffer-sandberg\/#breadcrumb"},"inLanguage":"sv-SE","potentialAction":[{"@type":"ReadAction","target":["https:\/\/logicenters.sultandev.se\/sv\/ny-topprekrytering-i-sverige-logicenters-rekryterar-kristoffer-sandberg\/"]}]},{"@type":"BreadcrumbList","@id":"https:\/\/logicenters.sultandev.se\/sv\/ny-topprekrytering-i-sverige-logicenters-rekryterar-kristoffer-sandberg\/#breadcrumb","itemListElement":[{"@type":"ListItem","position":1,"name":"Home","item":"https:\/\/www.logicenters.sultandev.se\/sv\/"},{"@type":"ListItem","position":2,"name":"Ny topprekrytering i Sverige: Logicenters rekryterar Kristoffer Sandberg"}]},{"@type":"WebSite","@id":"https:\/\/logicenters.sultandev.se\/#website","url":"https:\/\/logicenters.sultandev.se\/","name":"Logicenters","description":"The leader of modern logistics properties in the nordics","publisher":{"@id":"https:\/\/logicenters.sultandev.se\/#organization"},"potentialAction":[{"@type":"SearchAction","target":{"@type":"EntryPoint","urlTemplate":"https:\/\/logicenters.sultandev.se\/?s={search_term_string}"},"query-input":{"@type":"PropertyValueSpecification","valueRequired":true,"valueName":"search_term_string"}}],"inLanguage":"sv-SE"},{"@type":"Organization","@id":"https:\/\/logicenters.sultandev.se\/#organization","name":"Logicenters","url":"https:\/\/logicenters.sultandev.se\/","logo":{"@type":"ImageObject","inLanguage":"sv-SE","@id":"https:\/\/logicenters.sultandev.se\/#\/schema\/logo\/image\/","url":"https:\/\/logicenters.sultandev.se\/uploads\/2024\/10\/LOGGA.png","contentUrl":"https:\/\/logicenters.sultandev.se\/uploads\/2024\/10\/LOGGA.png","width":600,"height":74,"caption":"Logicenters"},"image":{"@id":"https:\/\/logicenters.sultandev.se\/#\/schema\/logo\/image\/"},"sameAs":["https:\/\/www.linkedin.com\/company\/logicenters\/yoast"]},{"@type":"Person","@id":"https:\/\/logicenters.sultandev.se\/#\/schema\/person\/59aec831e47c8441d1a6e71b09d14421","name":"Anna Hillinge"}]}},"_links":{"self":[{"href":"https:\/\/logicenters.sultandev.se\/sv\/wp-json\/wp\/v2\/posts\/19050","targetHints":{"allow":["GET"]}}],"collection":[{"href":"https:\/\/logicenters.sultandev.se\/sv\/wp-json\/wp\/v2\/posts"}],"about":[{"href":"https:\/\/logicenters.sultandev.se\/sv\/wp-json\/wp\/v2\/types\/post"}],"author":[{"embeddable":true,"href":"https:\/\/logicenters.sultandev.se\/sv\/wp-json\/wp\/v2\/users\/6"}],"replies":[{"embeddable":true,"href":"https:\/\/logicenters.sultandev.se\/sv\/wp-json\/wp\/v2\/comments?post=19050"}],"version-history":[{"count":1,"href":"https:\/\/logicenters.sultandev.se\/sv\/wp-json\/wp\/v2\/posts\/19050\/revisions"}],"predecessor-version":[{"id":19051,"href":"https:\/\/logicenters.sultandev.se\/sv\/wp-json\/wp\/v2\/posts\/19050\/revisions\/19051"}],"wp:attachment":[{"href":"https:\/\/logicenters.sultandev.se\/sv\/wp-json\/wp\/v2\/media?parent=19050"}],"wp:term":[{"taxonomy":"category","embeddable":true,"href":"https:\/\/logicenters.sultandev.se\/sv\/wp-json\/wp\/v2\/categories?post=19050"},{"taxonomy":"post_tag","embeddable":true,"href":"https:\/\/logicenters.sultandev.se\/sv\/wp-json\/wp\/v2\/tags?post=19050"}],"curies":[{"name":"wp","href":"https:\/\/api.w.org\/{rel}","templated":true}]}}