{"id":14469,"date":"2020-10-13T14:43:32","date_gmt":"2020-10-13T14:43:32","guid":{"rendered":"http:\/\/logicenters.sultandev.se\/?p=14469"},"modified":"2021-03-12T10:53:03","modified_gmt":"2021-03-12T10:53:03","slug":"nu-startar-bygget-av-logicenters-solcellsanlaggning-nordens-storsta-solelanlaggning-bidrar-med-26-miljoner-kilowattimmar-till-narsamhallet","status":"publish","type":"post","link":"https:\/\/logicenters.sultandev.se\/sv\/nu-startar-bygget-av-logicenters-solcellsanlaggning-nordens-storsta-solelanlaggning-bidrar-med-26-miljoner-kilowattimmar-till-narsamhallet\/","title":{"rendered":"Nordens st\u00f6rsta solelanl\u00e4ggning bidrar med 2,6 miljoner kilowattimmar till n\u00e4rsamh\u00e4llet"},"content":{"rendered":"<p><strong>Nu startar bygget av Logicenters solcellsanl\u00e4ggning: <\/strong><\/p>\n<p><strong>Med en yta p\u00e5 60\u00a0000 m<sup>2<\/sup> och kapacitet om 5 megawatt blir solcellsanl\u00e4ggningen i Bor\u00e5s den st\u00f6rsta n\u00e5gonsin installerad p\u00e5 tak i Norden. Bakom investeringen st\u00e5r fastighetsinvesteraren NREP genom sin logistikgren, Logicenters, samt hyresg\u00e4sten Speed Group. Solkompaniet har f\u00e5tt uppdraget att uppf\u00f6ra anl\u00e4ggningen och nu startar installationen av solcellerna. Anl\u00e4ggningen ber\u00e4knas, ut\u00f6ver att t\u00e4cka fastighetens elbehov, kunna bidra med 2,6 miljoner kilowattimmar solel till n\u00e4tet, vilket inneb\u00e4r att takanl\u00e4ggningen blir \u00f6verl\u00e4gset st\u00f6rst i Sverige.<\/strong><\/p>\n<p>Under 2019 byggdes enligt Energimyndighetens statistik endast en solcellsanl\u00e4ggning med kapacitet p\u00e5 \u00f6ver 1 megawatt i Sverige, d\u00e5 p\u00e5 marken och med en kapacitet p\u00e5 1,5 megawatt. Nu utvecklas en anl\u00e4ggning som \u00e4r mer \u00e4n tre g\u00e5nger s\u00e5 stor \u2013 den st\u00f6rsta solcellsanl\u00e4ggningen p\u00e5 tak i Norden. I syfte att driva p\u00e5 omst\u00e4llningen till f\u00f6rnybar energi nyttjar fastighetsinvesteraren NREP:s logistikgren Logicenters och hyresg\u00e4sten Speed Group taket p\u00e5 den 83\u00a0000 m<sup>2<\/sup> stora logistikanl\u00e4ggningen i Viared, utanf\u00f6r Bor\u00e5s. \u00c5rligen ber\u00e4knas solcellerna kunna producera 4 miljoner kilowattimmar, vilket motsvarar det \u00e5rliga elbehovet f\u00f6r 1\u00a0800 rena elbilar.<\/p>\n<p><em>\u201dStora logistikanl\u00e4ggningars tak \u00e4r perfekt l\u00e4mpande f\u00f6r solel. D\u00e4rf\u00f6r k\u00e4nns det viktigt att vi som utvecklar och \u00e4ger logistikfastigheter g\u00e5r i br\u00e4schen f\u00f6r solelproduktion p\u00e5 v\u00e5ra tak. Vi har ambiti\u00f6sa h\u00e5llbarhetsm\u00e5l om att bland annat driva alla v\u00e5ra fastigheter med f\u00f6rnybar energi. Och efterfr\u00e5gan p\u00e5 solel \u00e4r h\u00f6g fr\u00e5n b\u00e5de f\u00f6retag och privatpersoner \u2013 n\u00e5got vi nu kan m\u00f6ta. Denna anl\u00e4ggning t\u00e4cker hyresg\u00e4stens elbehov p\u00e5 \u00e5rsbasis, bidrar med mer f\u00f6rnybar el till n\u00e4tet f\u00f6r inv\u00e5narna i Bor\u00e5s att nyttja och kan bespara milj\u00f6n upp till 2\u00a0000 ton CO2-utsl\u00e4pp per \u00e5r\u201d, <\/em>s\u00e4ger Matthias Kettelhoit, Head of Logicenters p\u00e5 NREP.<\/p>\n<p>Elpriserna under 2020 har varit 40 procent h\u00f6gre i mellersta Sverige j\u00e4mf\u00f6rt med norra Sverige. Det visar med stor tydlighet att vi har brist p\u00e5 \u00f6verf\u00f6ringskapacitet och f\u00f6r lite elproduktion s\u00f6der om Dal\u00e4lven. Det g\u00f6r att solelen n\u00e4r den byggs ut i b\u00e5de p\u00e5 tak och i solelparker blir ett viktigt bidrag till att m\u00f6ta efterfr\u00e5gan p\u00e5 el under sommarhalv\u00e5ret i mellersta och s\u00f6dra Sverige.<\/p>\n<p><em>\u201dDen stora solelanl\u00e4ggningen bidrar till att t\u00e4cka det \u00f6kade elbehovet av el i s\u00f6dra Sverige med lokalt producerad f\u00f6rnybar el. Ett viktigt bidrag till omst\u00e4llningen till helt f\u00f6rnybart elsystem\u201d,<\/em> s\u00e4ger Johan \u00d6hnell, ordf\u00f6rande i Solkompaniet som kommer uppf\u00f6ra anl\u00e4ggningen under h\u00f6sten.<\/p>\n<p><strong>Energiskatten \u2013 ett hinder f\u00f6r utbredd solelproduktion <\/strong><br \/>\nDet finns stor potential f\u00f6r produktion av solenergi i Sverige. Samtidigt sl\u00e5r energiskatten h\u00e5rt mot den som installerar stora solcellsanl\u00e4ggningar. F\u00f6retag som producerar solenergi p\u00e5 sina fastigheter beskattas f\u00f6r sin egenproducerade el n\u00e4r en solcellsanl\u00e4ggning n\u00e5r \u00f6ver effektgr\u00e4nsen 255 kilowatt. Regeringen har nyligen f\u00f6reslaget en h\u00f6jning av gr\u00e4nsen till 500 kilowatt, men Bor\u00e5s-anl\u00e4ggningen \u00e4r tio g\u00e5nger s\u00e5 stor. Akt\u00f6rerna bakom solcellsanl\u00e4ggnigen i Bor\u00e5s har kapaciteten att bidra med el fr\u00e5n f\u00f6rnybara energik\u00e4llor \u2013 men uppmanar regeringen att t\u00e4nka om och ta bort gr\u00e4nsen helt och h\u00e5llet.<\/p>\n<p><em>\u201dNREP har totalt 2,5 miljoner kvadratmeter fastigheter i Norden och forts\u00e4tter med klimatinvesteringar s\u00e5 som solcellsinstallationer p\u00e5 flera tak. Men regeringen har ett tungt ansvar i att ut\u00f6ka de ekonomiska incitamenten f\u00f6r denna typ av satsningar. Det \u00e4r inte r\u00e4tt v\u00e4g att g\u00e5 med energiskatt p\u00e5 egenproducerad solel, som dels nyttjas sj\u00e4lv och dels bidrar med f\u00f6rnybar el till eln\u00e4tet. Vi har ambiti\u00f6sa h\u00e5llbarhetsm\u00e5l om att bland annat driva alla v\u00e5ra fastigheter med f\u00f6rnybar energi men h\u00e4r m\u00e5ste flera akt\u00f6rer i samh\u00e4llet hj\u00e4lpas \u00e5t\u201d,<\/em> s\u00e4ger Stefan Wallander, vd p\u00e5 NREP i Sverige.<\/p>\n<p><em>\u201dV\u00e5ra stora kunder st\u00e4ller krav p\u00e5 handlingsplan fr\u00e5n Speed Group, f\u00f6r att i enlighet med Parisavtalet, bidra till att n\u00e5 m\u00e5let om max 1,5 graders global uppv\u00e4rmning. Installationen av solcellsl\u00e4ggningen \u00e4r v\u00e5r enskilt st\u00f6rsta \u00e5tg\u00e4rd f\u00f6r att leva upp till v\u00e5ra kunders h\u00f6gt st\u00e4llda h\u00e5llbarhetskrav\u201d<\/em>, s\u00e4ger Mats Johnson, vd p\u00e5 Speed Group.<\/p>\n","protected":false},"excerpt":{"rendered":"<p>Nu startar bygget av Logicenters solcellsanl\u00e4ggning: Med en yta p\u00e5 60\u00a0000 m2 och kapacitet om 5&#8230;<\/p>\n","protected":false},"author":6,"featured_media":0,"comment_status":"closed","ping_status":"closed","sticky":false,"template":"","format":"standard","meta":{"_acf_changed":false,"footnotes":""},"categories":[91,228,214,213,86,215,81],"tags":[],"class_list":["post-14469","post","type-post","status-publish","format-standard","hentry","category-boras","category-nordic-sv","category-nyheter","category-press-sv","category-stockholm-sv","category-sustainability-sv","category-sverige"],"acf":[],"yoast_head":"<!-- This site is optimized with the Yoast SEO plugin v23.8 - https:\/\/yoast.com\/wordpress\/plugins\/seo\/ -->\n<title>Nordens st\u00f6rsta solelanl\u00e4ggning bidrar med 2,6 miljoner kilowattimmar till n\u00e4rsamh\u00e4llet &#8211; Logicenters<\/title>\n<meta name=\"robots\" content=\"noindex, follow, max-snippet:-1, max-image-preview:large, max-video-preview:-1\" \/>\n<meta property=\"og:locale\" content=\"sv_SE\" \/>\n<meta property=\"og:type\" content=\"article\" \/>\n<meta property=\"og:title\" content=\"Nordens st\u00f6rsta solelanl\u00e4ggning bidrar med 2,6 miljoner kilowattimmar till n\u00e4rsamh\u00e4llet &#8211; Logicenters\" \/>\n<meta property=\"og:description\" content=\"Nu startar bygget av Logicenters solcellsanl\u00e4ggning: Med en yta p\u00e5 60\u00a0000 m2 och kapacitet om 5...\" \/>\n<meta property=\"og:url\" content=\"https:\/\/logicenters.sultandev.se\/sv\/nu-startar-bygget-av-logicenters-solcellsanlaggning-nordens-storsta-solelanlaggning-bidrar-med-26-miljoner-kilowattimmar-till-narsamhallet\/\" \/>\n<meta property=\"og:site_name\" content=\"Logicenters\" \/>\n<meta property=\"article:published_time\" content=\"2020-10-13T14:43:32+00:00\" \/>\n<meta property=\"article:modified_time\" content=\"2021-03-12T10:53:03+00:00\" \/>\n<meta name=\"author\" content=\"Anna Hillinge\" \/>\n<meta name=\"twitter:card\" content=\"summary_large_image\" \/>\n<meta name=\"twitter:label1\" content=\"Written by\" \/>\n\t<meta name=\"twitter:data1\" content=\"Anna Hillinge\" \/>\n\t<meta name=\"twitter:label2\" content=\"Est. reading time\" \/>\n\t<meta name=\"twitter:data2\" content=\"3 minutes\" \/>\n<script type=\"application\/ld+json\" class=\"yoast-schema-graph\">{\"@context\":\"https:\/\/schema.org\",\"@graph\":[{\"@type\":\"Article\",\"@id\":\"https:\/\/logicenters.sultandev.se\/sv\/nu-startar-bygget-av-logicenters-solcellsanlaggning-nordens-storsta-solelanlaggning-bidrar-med-26-miljoner-kilowattimmar-till-narsamhallet\/#article\",\"isPartOf\":{\"@id\":\"https:\/\/logicenters.sultandev.se\/sv\/nu-startar-bygget-av-logicenters-solcellsanlaggning-nordens-storsta-solelanlaggning-bidrar-med-26-miljoner-kilowattimmar-till-narsamhallet\/\"},\"author\":{\"name\":\"Anna Hillinge\",\"@id\":\"https:\/\/logicenters.sultandev.se\/#\/schema\/person\/59aec831e47c8441d1a6e71b09d14421\"},\"headline\":\"Nordens st\u00f6rsta solelanl\u00e4ggning bidrar med 2,6 miljoner kilowattimmar till n\u00e4rsamh\u00e4llet\",\"datePublished\":\"2020-10-13T14:43:32+00:00\",\"dateModified\":\"2021-03-12T10:53:03+00:00\",\"mainEntityOfPage\":{\"@id\":\"https:\/\/logicenters.sultandev.se\/sv\/nu-startar-bygget-av-logicenters-solcellsanlaggning-nordens-storsta-solelanlaggning-bidrar-med-26-miljoner-kilowattimmar-till-narsamhallet\/\"},\"wordCount\":760,\"publisher\":{\"@id\":\"https:\/\/logicenters.sultandev.se\/#organization\"},\"articleSection\":[\"Bor\u00e5s\",\"Nordic\",\"Nyheter\",\"Press\",\"Stockholm\",\"Sustainability\",\"Sverige\"],\"inLanguage\":\"sv-SE\"},{\"@type\":\"WebPage\",\"@id\":\"https:\/\/logicenters.sultandev.se\/sv\/nu-startar-bygget-av-logicenters-solcellsanlaggning-nordens-storsta-solelanlaggning-bidrar-med-26-miljoner-kilowattimmar-till-narsamhallet\/\",\"url\":\"https:\/\/logicenters.sultandev.se\/sv\/nu-startar-bygget-av-logicenters-solcellsanlaggning-nordens-storsta-solelanlaggning-bidrar-med-26-miljoner-kilowattimmar-till-narsamhallet\/\",\"name\":\"Nordens st\u00f6rsta solelanl\u00e4ggning bidrar med 2,6 miljoner kilowattimmar till n\u00e4rsamh\u00e4llet &#8211; Logicenters\",\"isPartOf\":{\"@id\":\"https:\/\/logicenters.sultandev.se\/#website\"},\"datePublished\":\"2020-10-13T14:43:32+00:00\",\"dateModified\":\"2021-03-12T10:53:03+00:00\",\"breadcrumb\":{\"@id\":\"https:\/\/logicenters.sultandev.se\/sv\/nu-startar-bygget-av-logicenters-solcellsanlaggning-nordens-storsta-solelanlaggning-bidrar-med-26-miljoner-kilowattimmar-till-narsamhallet\/#breadcrumb\"},\"inLanguage\":\"sv-SE\",\"potentialAction\":[{\"@type\":\"ReadAction\",\"target\":[\"https:\/\/logicenters.sultandev.se\/sv\/nu-startar-bygget-av-logicenters-solcellsanlaggning-nordens-storsta-solelanlaggning-bidrar-med-26-miljoner-kilowattimmar-till-narsamhallet\/\"]}]},{\"@type\":\"BreadcrumbList\",\"@id\":\"https:\/\/logicenters.sultandev.se\/sv\/nu-startar-bygget-av-logicenters-solcellsanlaggning-nordens-storsta-solelanlaggning-bidrar-med-26-miljoner-kilowattimmar-till-narsamhallet\/#breadcrumb\",\"itemListElement\":[{\"@type\":\"ListItem\",\"position\":1,\"name\":\"Home\",\"item\":\"https:\/\/www.logicenters.sultandev.se\/sv\/\"},{\"@type\":\"ListItem\",\"position\":2,\"name\":\"Nordens st\u00f6rsta solelanl\u00e4ggning bidrar med 2,6 miljoner kilowattimmar till n\u00e4rsamh\u00e4llet\"}]},{\"@type\":\"WebSite\",\"@id\":\"https:\/\/logicenters.sultandev.se\/#website\",\"url\":\"https:\/\/logicenters.sultandev.se\/\",\"name\":\"Logicenters\",\"description\":\"The leader of modern logistics properties in the nordics\",\"publisher\":{\"@id\":\"https:\/\/logicenters.sultandev.se\/#organization\"},\"potentialAction\":[{\"@type\":\"SearchAction\",\"target\":{\"@type\":\"EntryPoint\",\"urlTemplate\":\"https:\/\/logicenters.sultandev.se\/?s={search_term_string}\"},\"query-input\":{\"@type\":\"PropertyValueSpecification\",\"valueRequired\":true,\"valueName\":\"search_term_string\"}}],\"inLanguage\":\"sv-SE\"},{\"@type\":\"Organization\",\"@id\":\"https:\/\/logicenters.sultandev.se\/#organization\",\"name\":\"Logicenters\",\"url\":\"https:\/\/logicenters.sultandev.se\/\",\"logo\":{\"@type\":\"ImageObject\",\"inLanguage\":\"sv-SE\",\"@id\":\"https:\/\/logicenters.sultandev.se\/#\/schema\/logo\/image\/\",\"url\":\"https:\/\/logicenters.sultandev.se\/uploads\/2024\/10\/LOGGA.png\",\"contentUrl\":\"https:\/\/logicenters.sultandev.se\/uploads\/2024\/10\/LOGGA.png\",\"width\":600,\"height\":74,\"caption\":\"Logicenters\"},\"image\":{\"@id\":\"https:\/\/logicenters.sultandev.se\/#\/schema\/logo\/image\/\"},\"sameAs\":[\"https:\/\/www.linkedin.com\/company\/logicenters\/yoast\"]},{\"@type\":\"Person\",\"@id\":\"https:\/\/logicenters.sultandev.se\/#\/schema\/person\/59aec831e47c8441d1a6e71b09d14421\",\"name\":\"Anna Hillinge\"}]}<\/script>\n<!-- \/ Yoast SEO plugin. -->","yoast_head_json":{"title":"Nordens st\u00f6rsta solelanl\u00e4ggning bidrar med 2,6 miljoner kilowattimmar till n\u00e4rsamh\u00e4llet &#8211; Logicenters","robots":{"index":"noindex","follow":"follow","max-snippet":"max-snippet:-1","max-image-preview":"max-image-preview:large","max-video-preview":"max-video-preview:-1"},"og_locale":"sv_SE","og_type":"article","og_title":"Nordens st\u00f6rsta solelanl\u00e4ggning bidrar med 2,6 miljoner kilowattimmar till n\u00e4rsamh\u00e4llet &#8211; Logicenters","og_description":"Nu startar bygget av Logicenters solcellsanl\u00e4ggning: Med en yta p\u00e5 60\u00a0000 m2 och kapacitet om 5...","og_url":"https:\/\/logicenters.sultandev.se\/sv\/nu-startar-bygget-av-logicenters-solcellsanlaggning-nordens-storsta-solelanlaggning-bidrar-med-26-miljoner-kilowattimmar-till-narsamhallet\/","og_site_name":"Logicenters","article_published_time":"2020-10-13T14:43:32+00:00","article_modified_time":"2021-03-12T10:53:03+00:00","author":"Anna Hillinge","twitter_card":"summary_large_image","twitter_misc":{"Written by":"Anna Hillinge","Est. reading time":"3 minutes"},"schema":{"@context":"https:\/\/schema.org","@graph":[{"@type":"Article","@id":"https:\/\/logicenters.sultandev.se\/sv\/nu-startar-bygget-av-logicenters-solcellsanlaggning-nordens-storsta-solelanlaggning-bidrar-med-26-miljoner-kilowattimmar-till-narsamhallet\/#article","isPartOf":{"@id":"https:\/\/logicenters.sultandev.se\/sv\/nu-startar-bygget-av-logicenters-solcellsanlaggning-nordens-storsta-solelanlaggning-bidrar-med-26-miljoner-kilowattimmar-till-narsamhallet\/"},"author":{"name":"Anna Hillinge","@id":"https:\/\/logicenters.sultandev.se\/#\/schema\/person\/59aec831e47c8441d1a6e71b09d14421"},"headline":"Nordens st\u00f6rsta solelanl\u00e4ggning bidrar med 2,6 miljoner kilowattimmar till n\u00e4rsamh\u00e4llet","datePublished":"2020-10-13T14:43:32+00:00","dateModified":"2021-03-12T10:53:03+00:00","mainEntityOfPage":{"@id":"https:\/\/logicenters.sultandev.se\/sv\/nu-startar-bygget-av-logicenters-solcellsanlaggning-nordens-storsta-solelanlaggning-bidrar-med-26-miljoner-kilowattimmar-till-narsamhallet\/"},"wordCount":760,"publisher":{"@id":"https:\/\/logicenters.sultandev.se\/#organization"},"articleSection":["Bor\u00e5s","Nordic","Nyheter","Press","Stockholm","Sustainability","Sverige"],"inLanguage":"sv-SE"},{"@type":"WebPage","@id":"https:\/\/logicenters.sultandev.se\/sv\/nu-startar-bygget-av-logicenters-solcellsanlaggning-nordens-storsta-solelanlaggning-bidrar-med-26-miljoner-kilowattimmar-till-narsamhallet\/","url":"https:\/\/logicenters.sultandev.se\/sv\/nu-startar-bygget-av-logicenters-solcellsanlaggning-nordens-storsta-solelanlaggning-bidrar-med-26-miljoner-kilowattimmar-till-narsamhallet\/","name":"Nordens st\u00f6rsta solelanl\u00e4ggning bidrar med 2,6 miljoner kilowattimmar till n\u00e4rsamh\u00e4llet &#8211; Logicenters","isPartOf":{"@id":"https:\/\/logicenters.sultandev.se\/#website"},"datePublished":"2020-10-13T14:43:32+00:00","dateModified":"2021-03-12T10:53:03+00:00","breadcrumb":{"@id":"https:\/\/logicenters.sultandev.se\/sv\/nu-startar-bygget-av-logicenters-solcellsanlaggning-nordens-storsta-solelanlaggning-bidrar-med-26-miljoner-kilowattimmar-till-narsamhallet\/#breadcrumb"},"inLanguage":"sv-SE","potentialAction":[{"@type":"ReadAction","target":["https:\/\/logicenters.sultandev.se\/sv\/nu-startar-bygget-av-logicenters-solcellsanlaggning-nordens-storsta-solelanlaggning-bidrar-med-26-miljoner-kilowattimmar-till-narsamhallet\/"]}]},{"@type":"BreadcrumbList","@id":"https:\/\/logicenters.sultandev.se\/sv\/nu-startar-bygget-av-logicenters-solcellsanlaggning-nordens-storsta-solelanlaggning-bidrar-med-26-miljoner-kilowattimmar-till-narsamhallet\/#breadcrumb","itemListElement":[{"@type":"ListItem","position":1,"name":"Home","item":"https:\/\/www.logicenters.sultandev.se\/sv\/"},{"@type":"ListItem","position":2,"name":"Nordens st\u00f6rsta solelanl\u00e4ggning bidrar med 2,6 miljoner kilowattimmar till n\u00e4rsamh\u00e4llet"}]},{"@type":"WebSite","@id":"https:\/\/logicenters.sultandev.se\/#website","url":"https:\/\/logicenters.sultandev.se\/","name":"Logicenters","description":"The leader of modern logistics properties in the nordics","publisher":{"@id":"https:\/\/logicenters.sultandev.se\/#organization"},"potentialAction":[{"@type":"SearchAction","target":{"@type":"EntryPoint","urlTemplate":"https:\/\/logicenters.sultandev.se\/?s={search_term_string}"},"query-input":{"@type":"PropertyValueSpecification","valueRequired":true,"valueName":"search_term_string"}}],"inLanguage":"sv-SE"},{"@type":"Organization","@id":"https:\/\/logicenters.sultandev.se\/#organization","name":"Logicenters","url":"https:\/\/logicenters.sultandev.se\/","logo":{"@type":"ImageObject","inLanguage":"sv-SE","@id":"https:\/\/logicenters.sultandev.se\/#\/schema\/logo\/image\/","url":"https:\/\/logicenters.sultandev.se\/uploads\/2024\/10\/LOGGA.png","contentUrl":"https:\/\/logicenters.sultandev.se\/uploads\/2024\/10\/LOGGA.png","width":600,"height":74,"caption":"Logicenters"},"image":{"@id":"https:\/\/logicenters.sultandev.se\/#\/schema\/logo\/image\/"},"sameAs":["https:\/\/www.linkedin.com\/company\/logicenters\/yoast"]},{"@type":"Person","@id":"https:\/\/logicenters.sultandev.se\/#\/schema\/person\/59aec831e47c8441d1a6e71b09d14421","name":"Anna Hillinge"}]}},"_links":{"self":[{"href":"https:\/\/logicenters.sultandev.se\/sv\/wp-json\/wp\/v2\/posts\/14469","targetHints":{"allow":["GET"]}}],"collection":[{"href":"https:\/\/logicenters.sultandev.se\/sv\/wp-json\/wp\/v2\/posts"}],"about":[{"href":"https:\/\/logicenters.sultandev.se\/sv\/wp-json\/wp\/v2\/types\/post"}],"author":[{"embeddable":true,"href":"https:\/\/logicenters.sultandev.se\/sv\/wp-json\/wp\/v2\/users\/6"}],"replies":[{"embeddable":true,"href":"https:\/\/logicenters.sultandev.se\/sv\/wp-json\/wp\/v2\/comments?post=14469"}],"version-history":[{"count":2,"href":"https:\/\/logicenters.sultandev.se\/sv\/wp-json\/wp\/v2\/posts\/14469\/revisions"}],"predecessor-version":[{"id":15541,"href":"https:\/\/logicenters.sultandev.se\/sv\/wp-json\/wp\/v2\/posts\/14469\/revisions\/15541"}],"wp:attachment":[{"href":"https:\/\/logicenters.sultandev.se\/sv\/wp-json\/wp\/v2\/media?parent=14469"}],"wp:term":[{"taxonomy":"category","embeddable":true,"href":"https:\/\/logicenters.sultandev.se\/sv\/wp-json\/wp\/v2\/categories?post=14469"},{"taxonomy":"post_tag","embeddable":true,"href":"https:\/\/logicenters.sultandev.se\/sv\/wp-json\/wp\/v2\/tags?post=14469"}],"curies":[{"name":"wp","href":"https:\/\/api.w.org\/{rel}","templated":true}]}}