{"id":2222,"date":"2018-05-23T12:18:00","date_gmt":"2018-05-23T12:18:00","guid":{"rendered":"http:\/\/logicenters.sultandev.se\/?p=2222"},"modified":"2018-05-25T08:44:39","modified_gmt":"2018-05-25T08:44:39","slug":"perspektiv-pa-logistiken-logistiklaget-2018","status":"publish","type":"post","link":"https:\/\/logicenters.sultandev.se\/no\/perspektiv-pa-logistiken-logistiklaget-2018\/","title":{"rendered":"\u201cPerspektiv p\u00e5 logistiken\u201d \u2013 Logistikl\u00e4get 2018"},"content":{"rendered":"<p><b>Logistikens f\u00f6ruts\u00e4ttningar ser olika ut beroende p\u00e5 vems perspektiv den ses ur. Det stod klart under\u00a0<a href=\"http:\/\/intelligentlogistik.com\/logistiklaget-2018\/\">Logistikl\u00e4get 2018<\/a>, d\u00e4r akt\u00f6rer fr\u00e5n bland annat riskkapitalbolag, fastighetsf\u00f6retag och e-handel gav sin syn p\u00e5 logistikens framtid och behov.\u00a0<\/b><\/p>\n<blockquote class=\"wp-embedded-content\" data-secret=\"qx4yQgctZk\"><p><a href=\"https:\/\/intelligentlogistik.com\/nyhetsflode\/e-handel\/del-1-perspektiv-pa-logistiken-logistiklaget-2018\/\">Del 1.  &#8220;Perspektiv p\u00e5 logistiken&#8221; \u2013 Logistikl\u00e4get 2018<\/a><\/p><\/blockquote>\n<p><iframe loading=\"lazy\" class=\"wp-embedded-content\" sandbox=\"allow-scripts\" security=\"restricted\" style=\"position: absolute; clip: rect(1px, 1px, 1px, 1px);\" title=\"\u201dDel 1.  &#8220;Perspektiv p\u00e5 logistiken&#8221; \u2013 Logistikl\u00e4get 2018\u201d &ndash; Intelligent Logistik\" src=\"https:\/\/intelligentlogistik.com\/nyhetsflode\/e-handel\/del-1-perspektiv-pa-logistiken-logistiklaget-2018\/embed\/#?secret=BENypfSIei#?secret=qx4yQgctZk\" data-secret=\"qx4yQgctZk\" width=\"500\" height=\"282\" frameborder=\"0\" marginwidth=\"0\" marginheight=\"0\" scrolling=\"no\"><\/iframe><\/p>\n<p>&nbsp;<\/p>\n","protected":false},"excerpt":{"rendered":"<p>Logistikens f\u00f6ruts\u00e4ttningar ser olika ut beroende p\u00e5 vems perspektiv den ses ur. Det stod klart under\u00a0Logistikl\u00e4get&#8230;<\/p>\n","protected":false},"author":3,"featured_media":2240,"comment_status":"closed","ping_status":"closed","sticky":false,"template":"","format":"standard","meta":{"_acf_changed":false,"footnotes":""},"categories":[8,5],"tags":[],"class_list":["post-2222","post","type-post","status-publish","format-standard","has-post-thumbnail","hentry","category-press","category-sweden"],"acf":[],"yoast_head":"<!-- This site is optimized with the Yoast SEO plugin v23.8 - https:\/\/yoast.com\/wordpress\/plugins\/seo\/ -->\n<title>\u201cPerspektiv p\u00e5 logistiken\u201d \u2013 Logistikl\u00e4get 2018 &#8211; Logicenters<\/title>\n<meta name=\"robots\" content=\"noindex, follow, max-snippet:-1, max-image-preview:large, max-video-preview:-1\" \/>\n<meta property=\"og:locale\" content=\"nb_NO\" \/>\n<meta property=\"og:type\" content=\"article\" \/>\n<meta property=\"og:title\" content=\"\u201cPerspektiv p\u00e5 logistiken\u201d \u2013 Logistikl\u00e4get 2018 &#8211; Logicenters\" \/>\n<meta property=\"og:description\" content=\"Logistikens f\u00f6ruts\u00e4ttningar ser olika ut beroende p\u00e5 vems perspektiv den ses ur. Det stod klart under\u00a0Logistikl\u00e4get...\" \/>\n<meta property=\"og:url\" content=\"https:\/\/logicenters.sultandev.se\/no\/perspektiv-pa-logistiken-logistiklaget-2018\/\" \/>\n<meta property=\"og:site_name\" content=\"Logicenters\" \/>\n<meta property=\"article:published_time\" content=\"2018-05-23T12:18:00+00:00\" \/>\n<meta property=\"article:modified_time\" content=\"2018-05-25T08:44:39+00:00\" \/>\n<meta property=\"og:image\" content=\"https:\/\/logicenters.sultandev.se\/uploads\/2018\/05\/Perspektiv_pa-logistiken.jpg\" \/>\n\t<meta property=\"og:image:width\" content=\"6000\" \/>\n\t<meta property=\"og:image:height\" content=\"4000\" \/>\n\t<meta property=\"og:image:type\" content=\"image\/jpeg\" \/>\n<meta name=\"author\" content=\"Johan Ahlstrand\" \/>\n<meta name=\"twitter:card\" content=\"summary_large_image\" \/>\n<meta name=\"twitter:label1\" content=\"Written by\" \/>\n\t<meta name=\"twitter:data1\" content=\"Johan Ahlstrand\" \/>\n<script type=\"application\/ld+json\" class=\"yoast-schema-graph\">{\"@context\":\"https:\/\/schema.org\",\"@graph\":[{\"@type\":\"Article\",\"@id\":\"https:\/\/logicenters.sultandev.se\/no\/perspektiv-pa-logistiken-logistiklaget-2018\/#article\",\"isPartOf\":{\"@id\":\"https:\/\/logicenters.sultandev.se\/no\/perspektiv-pa-logistiken-logistiklaget-2018\/\"},\"author\":{\"name\":\"Johan Ahlstrand\",\"@id\":\"https:\/\/logicenters.sultandev.se\/#\/schema\/person\/9b632017c5e14ed98b2969061daa033b\"},\"headline\":\"\u201cPerspektiv p\u00e5 logistiken\u201d \u2013 Logistikl\u00e4get 2018\",\"datePublished\":\"2018-05-23T12:18:00+00:00\",\"dateModified\":\"2018-05-25T08:44:39+00:00\",\"mainEntityOfPage\":{\"@id\":\"https:\/\/logicenters.sultandev.se\/no\/perspektiv-pa-logistiken-logistiklaget-2018\/\"},\"wordCount\":54,\"publisher\":{\"@id\":\"https:\/\/logicenters.sultandev.se\/#organization\"},\"image\":{\"@id\":\"https:\/\/logicenters.sultandev.se\/no\/perspektiv-pa-logistiken-logistiklaget-2018\/#primaryimage\"},\"thumbnailUrl\":\"https:\/\/logicenters.sultandev.se\/uploads\/2018\/05\/Perspektiv_pa-logistiken.jpg\",\"articleSection\":[\"Press\",\"Sweden\"],\"inLanguage\":\"nb-NO\"},{\"@type\":\"WebPage\",\"@id\":\"https:\/\/logicenters.sultandev.se\/no\/perspektiv-pa-logistiken-logistiklaget-2018\/\",\"url\":\"https:\/\/logicenters.sultandev.se\/no\/perspektiv-pa-logistiken-logistiklaget-2018\/\",\"name\":\"\u201cPerspektiv p\u00e5 logistiken\u201d \u2013 Logistikl\u00e4get 2018 &#8211; Logicenters\",\"isPartOf\":{\"@id\":\"https:\/\/logicenters.sultandev.se\/#website\"},\"primaryImageOfPage\":{\"@id\":\"https:\/\/logicenters.sultandev.se\/no\/perspektiv-pa-logistiken-logistiklaget-2018\/#primaryimage\"},\"image\":{\"@id\":\"https:\/\/logicenters.sultandev.se\/no\/perspektiv-pa-logistiken-logistiklaget-2018\/#primaryimage\"},\"thumbnailUrl\":\"https:\/\/logicenters.sultandev.se\/uploads\/2018\/05\/Perspektiv_pa-logistiken.jpg\",\"datePublished\":\"2018-05-23T12:18:00+00:00\",\"dateModified\":\"2018-05-25T08:44:39+00:00\",\"breadcrumb\":{\"@id\":\"https:\/\/logicenters.sultandev.se\/no\/perspektiv-pa-logistiken-logistiklaget-2018\/#breadcrumb\"},\"inLanguage\":\"nb-NO\",\"potentialAction\":[{\"@type\":\"ReadAction\",\"target\":[\"https:\/\/logicenters.sultandev.se\/no\/perspektiv-pa-logistiken-logistiklaget-2018\/\"]}]},{\"@type\":\"ImageObject\",\"inLanguage\":\"nb-NO\",\"@id\":\"https:\/\/logicenters.sultandev.se\/no\/perspektiv-pa-logistiken-logistiklaget-2018\/#primaryimage\",\"url\":\"https:\/\/logicenters.sultandev.se\/uploads\/2018\/05\/Perspektiv_pa-logistiken.jpg\",\"contentUrl\":\"https:\/\/logicenters.sultandev.se\/uploads\/2018\/05\/Perspektiv_pa-logistiken.jpg\",\"width\":6000,\"height\":4000,\"caption\":\"\u201cPerspektiv p\u00e5 logistiken\u201d \u2013 Logistikl\u00e4get 2018\"},{\"@type\":\"BreadcrumbList\",\"@id\":\"https:\/\/logicenters.sultandev.se\/no\/perspektiv-pa-logistiken-logistiklaget-2018\/#breadcrumb\",\"itemListElement\":[{\"@type\":\"ListItem\",\"position\":1,\"name\":\"Home\",\"item\":\"https:\/\/logicenters.sultandev.se\/no\/\"},{\"@type\":\"ListItem\",\"position\":2,\"name\":\"\u201cPerspektiv p\u00e5 logistiken\u201d \u2013 Logistikl\u00e4get 2018\"}]},{\"@type\":\"WebSite\",\"@id\":\"https:\/\/logicenters.sultandev.se\/#website\",\"url\":\"https:\/\/logicenters.sultandev.se\/\",\"name\":\"Logicenters\",\"description\":\"The leader of modern logistics properties in the nordics\",\"publisher\":{\"@id\":\"https:\/\/logicenters.sultandev.se\/#organization\"},\"potentialAction\":[{\"@type\":\"SearchAction\",\"target\":{\"@type\":\"EntryPoint\",\"urlTemplate\":\"https:\/\/logicenters.sultandev.se\/?s={search_term_string}\"},\"query-input\":{\"@type\":\"PropertyValueSpecification\",\"valueRequired\":true,\"valueName\":\"search_term_string\"}}],\"inLanguage\":\"nb-NO\"},{\"@type\":\"Organization\",\"@id\":\"https:\/\/logicenters.sultandev.se\/#organization\",\"name\":\"Logicenters\",\"url\":\"https:\/\/logicenters.sultandev.se\/\",\"logo\":{\"@type\":\"ImageObject\",\"inLanguage\":\"nb-NO\",\"@id\":\"https:\/\/logicenters.sultandev.se\/#\/schema\/logo\/image\/\",\"url\":\"https:\/\/logicenters.sultandev.se\/uploads\/2024\/10\/LOGGA.png\",\"contentUrl\":\"https:\/\/logicenters.sultandev.se\/uploads\/2024\/10\/LOGGA.png\",\"width\":600,\"height\":74,\"caption\":\"Logicenters\"},\"image\":{\"@id\":\"https:\/\/logicenters.sultandev.se\/#\/schema\/logo\/image\/\"},\"sameAs\":[\"https:\/\/www.linkedin.com\/company\/logicenters\/yoast\"]},{\"@type\":\"Person\",\"@id\":\"https:\/\/logicenters.sultandev.se\/#\/schema\/person\/9b632017c5e14ed98b2969061daa033b\",\"name\":\"Johan Ahlstrand\"}]}<\/script>\n<!-- \/ Yoast SEO plugin. -->","yoast_head_json":{"title":"\u201cPerspektiv p\u00e5 logistiken\u201d \u2013 Logistikl\u00e4get 2018 &#8211; Logicenters","robots":{"index":"noindex","follow":"follow","max-snippet":"max-snippet:-1","max-image-preview":"max-image-preview:large","max-video-preview":"max-video-preview:-1"},"og_locale":"nb_NO","og_type":"article","og_title":"\u201cPerspektiv p\u00e5 logistiken\u201d \u2013 Logistikl\u00e4get 2018 &#8211; Logicenters","og_description":"Logistikens f\u00f6ruts\u00e4ttningar ser olika ut beroende p\u00e5 vems perspektiv den ses ur. Det stod klart under\u00a0Logistikl\u00e4get...","og_url":"https:\/\/logicenters.sultandev.se\/no\/perspektiv-pa-logistiken-logistiklaget-2018\/","og_site_name":"Logicenters","article_published_time":"2018-05-23T12:18:00+00:00","article_modified_time":"2018-05-25T08:44:39+00:00","og_image":[{"width":6000,"height":4000,"url":"https:\/\/logicenters.sultandev.se\/uploads\/2018\/05\/Perspektiv_pa-logistiken.jpg","type":"image\/jpeg"}],"author":"Johan Ahlstrand","twitter_card":"summary_large_image","twitter_misc":{"Written by":"Johan Ahlstrand"},"schema":{"@context":"https:\/\/schema.org","@graph":[{"@type":"Article","@id":"https:\/\/logicenters.sultandev.se\/no\/perspektiv-pa-logistiken-logistiklaget-2018\/#article","isPartOf":{"@id":"https:\/\/logicenters.sultandev.se\/no\/perspektiv-pa-logistiken-logistiklaget-2018\/"},"author":{"name":"Johan Ahlstrand","@id":"https:\/\/logicenters.sultandev.se\/#\/schema\/person\/9b632017c5e14ed98b2969061daa033b"},"headline":"\u201cPerspektiv p\u00e5 logistiken\u201d \u2013 Logistikl\u00e4get 2018","datePublished":"2018-05-23T12:18:00+00:00","dateModified":"2018-05-25T08:44:39+00:00","mainEntityOfPage":{"@id":"https:\/\/logicenters.sultandev.se\/no\/perspektiv-pa-logistiken-logistiklaget-2018\/"},"wordCount":54,"publisher":{"@id":"https:\/\/logicenters.sultandev.se\/#organization"},"image":{"@id":"https:\/\/logicenters.sultandev.se\/no\/perspektiv-pa-logistiken-logistiklaget-2018\/#primaryimage"},"thumbnailUrl":"https:\/\/logicenters.sultandev.se\/uploads\/2018\/05\/Perspektiv_pa-logistiken.jpg","articleSection":["Press","Sweden"],"inLanguage":"nb-NO"},{"@type":"WebPage","@id":"https:\/\/logicenters.sultandev.se\/no\/perspektiv-pa-logistiken-logistiklaget-2018\/","url":"https:\/\/logicenters.sultandev.se\/no\/perspektiv-pa-logistiken-logistiklaget-2018\/","name":"\u201cPerspektiv p\u00e5 logistiken\u201d \u2013 Logistikl\u00e4get 2018 &#8211; Logicenters","isPartOf":{"@id":"https:\/\/logicenters.sultandev.se\/#website"},"primaryImageOfPage":{"@id":"https:\/\/logicenters.sultandev.se\/no\/perspektiv-pa-logistiken-logistiklaget-2018\/#primaryimage"},"image":{"@id":"https:\/\/logicenters.sultandev.se\/no\/perspektiv-pa-logistiken-logistiklaget-2018\/#primaryimage"},"thumbnailUrl":"https:\/\/logicenters.sultandev.se\/uploads\/2018\/05\/Perspektiv_pa-logistiken.jpg","datePublished":"2018-05-23T12:18:00+00:00","dateModified":"2018-05-25T08:44:39+00:00","breadcrumb":{"@id":"https:\/\/logicenters.sultandev.se\/no\/perspektiv-pa-logistiken-logistiklaget-2018\/#breadcrumb"},"inLanguage":"nb-NO","potentialAction":[{"@type":"ReadAction","target":["https:\/\/logicenters.sultandev.se\/no\/perspektiv-pa-logistiken-logistiklaget-2018\/"]}]},{"@type":"ImageObject","inLanguage":"nb-NO","@id":"https:\/\/logicenters.sultandev.se\/no\/perspektiv-pa-logistiken-logistiklaget-2018\/#primaryimage","url":"https:\/\/logicenters.sultandev.se\/uploads\/2018\/05\/Perspektiv_pa-logistiken.jpg","contentUrl":"https:\/\/logicenters.sultandev.se\/uploads\/2018\/05\/Perspektiv_pa-logistiken.jpg","width":6000,"height":4000,"caption":"\u201cPerspektiv p\u00e5 logistiken\u201d \u2013 Logistikl\u00e4get 2018"},{"@type":"BreadcrumbList","@id":"https:\/\/logicenters.sultandev.se\/no\/perspektiv-pa-logistiken-logistiklaget-2018\/#breadcrumb","itemListElement":[{"@type":"ListItem","position":1,"name":"Home","item":"https:\/\/logicenters.sultandev.se\/no\/"},{"@type":"ListItem","position":2,"name":"\u201cPerspektiv p\u00e5 logistiken\u201d \u2013 Logistikl\u00e4get 2018"}]},{"@type":"WebSite","@id":"https:\/\/logicenters.sultandev.se\/#website","url":"https:\/\/logicenters.sultandev.se\/","name":"Logicenters","description":"The leader of modern logistics properties in the nordics","publisher":{"@id":"https:\/\/logicenters.sultandev.se\/#organization"},"potentialAction":[{"@type":"SearchAction","target":{"@type":"EntryPoint","urlTemplate":"https:\/\/logicenters.sultandev.se\/?s={search_term_string}"},"query-input":{"@type":"PropertyValueSpecification","valueRequired":true,"valueName":"search_term_string"}}],"inLanguage":"nb-NO"},{"@type":"Organization","@id":"https:\/\/logicenters.sultandev.se\/#organization","name":"Logicenters","url":"https:\/\/logicenters.sultandev.se\/","logo":{"@type":"ImageObject","inLanguage":"nb-NO","@id":"https:\/\/logicenters.sultandev.se\/#\/schema\/logo\/image\/","url":"https:\/\/logicenters.sultandev.se\/uploads\/2024\/10\/LOGGA.png","contentUrl":"https:\/\/logicenters.sultandev.se\/uploads\/2024\/10\/LOGGA.png","width":600,"height":74,"caption":"Logicenters"},"image":{"@id":"https:\/\/logicenters.sultandev.se\/#\/schema\/logo\/image\/"},"sameAs":["https:\/\/www.linkedin.com\/company\/logicenters\/yoast"]},{"@type":"Person","@id":"https:\/\/logicenters.sultandev.se\/#\/schema\/person\/9b632017c5e14ed98b2969061daa033b","name":"Johan Ahlstrand"}]}},"_links":{"self":[{"href":"https:\/\/logicenters.sultandev.se\/no\/wp-json\/wp\/v2\/posts\/2222","targetHints":{"allow":["GET"]}}],"collection":[{"href":"https:\/\/logicenters.sultandev.se\/no\/wp-json\/wp\/v2\/posts"}],"about":[{"href":"https:\/\/logicenters.sultandev.se\/no\/wp-json\/wp\/v2\/types\/post"}],"author":[{"embeddable":true,"href":"https:\/\/logicenters.sultandev.se\/no\/wp-json\/wp\/v2\/users\/3"}],"replies":[{"embeddable":true,"href":"https:\/\/logicenters.sultandev.se\/no\/wp-json\/wp\/v2\/comments?post=2222"}],"version-history":[{"count":2,"href":"https:\/\/logicenters.sultandev.se\/no\/wp-json\/wp\/v2\/posts\/2222\/revisions"}],"predecessor-version":[{"id":2239,"href":"https:\/\/logicenters.sultandev.se\/no\/wp-json\/wp\/v2\/posts\/2222\/revisions\/2239"}],"wp:featuredmedia":[{"embeddable":true,"href":"https:\/\/logicenters.sultandev.se\/no\/wp-json\/wp\/v2\/media\/2240"}],"wp:attachment":[{"href":"https:\/\/logicenters.sultandev.se\/no\/wp-json\/wp\/v2\/media?parent=2222"}],"wp:term":[{"taxonomy":"category","embeddable":true,"href":"https:\/\/logicenters.sultandev.se\/no\/wp-json\/wp\/v2\/categories?post=2222"},{"taxonomy":"post_tag","embeddable":true,"href":"https:\/\/logicenters.sultandev.se\/no\/wp-json\/wp\/v2\/tags?post=2222"}],"curies":[{"name":"wp","href":"https:\/\/api.w.org\/{rel}","templated":true}]}}