{"id":12654,"date":"2019-08-26T07:16:17","date_gmt":"2019-08-26T07:16:17","guid":{"rendered":"http:\/\/logicenters.sultandev.se\/logicenters-rekrutterer-tung-logistikprofil\/"},"modified":"2019-08-26T07:20:07","modified_gmt":"2019-08-26T07:20:07","slug":"logicenters-rekrutterer-tung-logistikprofil","status":"publish","type":"post","link":"https:\/\/logicenters.sultandev.se\/da\/logicenters-rekrutterer-tung-logistikprofil\/","title":{"rendered":"Logicenters rekrutterer tung logistikprofil"},"content":{"rendered":"<p><strong>Nu styrker Logicenters holdet for at st\u00f8tte fortsat v\u00e6kst. Thomas Petersen slutter sig til det danske team som Commercial Manager med 27 \u00e5rs erfaring fra logistikbranchen. Han kommer senest fra en stilling som direkt\u00f8r for r\u00e5dgivning og transaktionsydelser hos CBRE.<\/strong><\/p>\n<p>Logicenters befinder sig midt i en ekspansionsfase og vokser b\u00e5de organisatorisk og med hensyn til ejendomsbesiddelser. Som led i satsningen p\u00e5 at styrke virksomheden yderligere i Danmark rekrutteres Thomas Petersen nu. Han tiltr\u00e6der stillingen som Commercial Manager og f\u00e5r ansvar for forretningsudviklingen i Danmark.<\/p>\n<p><em>\u201dJeg har selv samarbejdet med Logicenters som kunde og ved, hvor konkurrencedygtig virksomheden er. Det er et kompetent team med hurtige processer og en fleksibel forretningsmodel, hvilket er n\u00f8glerne til fremgang inden for logistik. <\/em>Nu ser jeg frem til at bidrage til, at Logicenters bliver det oplagte valgt i Danmark ved at skabe gode l\u00f8sninger for potentielle kunder og hj\u00e6lpe eksisterende kunder med at vokse sammen med os\u201d, siger Thomas Petersen.<\/p>\n<p>Thomas Petersen har arbejdet i logistikbranchen i ca. 27 \u00e5r. Han har en baggrund hos Kuehne &amp; Nagel, har v\u00e6ret Operational Manager hos Singapore Airlines Cargo og Scandinavian General Manager hos Worldwide Flight Services. Thomas Petersen kommer senest fra CBRE, hvor han var direkt\u00f8r for r\u00e5dgivning og transaktionsydelser.<\/p>\n<p><em>\u201dDa jeg m\u00f8dte Thomas, s\u00e5 jeg straks, at han ville v\u00e6re et godt aktiv for Logicenters. Han har solid erfaring, et stort netv\u00e6rk og en god forst\u00e5else for vores forretninger. Ved at ans\u00e6tte vigtige personer bevarer vi konkurrencedygtigheden, hvilket borger for fortsat v\u00e6kst. <\/em>Jeg er stolt af, at Thomas valgte at blive en del af vores team, og ser frem til at tage virksomheden i Danmark et skridt videre sammen med ham\u201d, siger Matthias Kettelhoit, Commercial Head of Logicenters.<\/p>\n","protected":false},"excerpt":{"rendered":"<p>Nu styrker Logicenters holdet for at st\u00f8tte fortsat v\u00e6kst. Thomas Petersen slutter sig til det danske&#8230;<\/p>\n","protected":false},"author":4,"featured_media":0,"comment_status":"closed","ping_status":"closed","sticky":false,"template":"","format":"standard","meta":{"_acf_changed":false,"footnotes":""},"categories":[177,221,220],"tags":[],"class_list":["post-12654","post","type-post","status-publish","format-standard","hentry","category-danmark","category-news-da","category-press-da"],"acf":[],"yoast_head":"<!-- This site is optimized with the Yoast SEO plugin v23.8 - https:\/\/yoast.com\/wordpress\/plugins\/seo\/ -->\n<title>Logicenters rekrutterer tung logistikprofil &#8211; Logicenters<\/title>\n<meta name=\"robots\" content=\"noindex, follow, max-snippet:-1, max-image-preview:large, max-video-preview:-1\" \/>\n<meta property=\"og:locale\" content=\"da_DK\" \/>\n<meta property=\"og:type\" content=\"article\" \/>\n<meta property=\"og:title\" content=\"Logicenters rekrutterer tung logistikprofil &#8211; Logicenters\" \/>\n<meta property=\"og:description\" content=\"Nu styrker Logicenters holdet for at st\u00f8tte fortsat v\u00e6kst. Thomas Petersen slutter sig til det danske...\" \/>\n<meta property=\"og:url\" content=\"https:\/\/logicenters.sultandev.se\/da\/logicenters-rekrutterer-tung-logistikprofil\/\" \/>\n<meta property=\"og:site_name\" content=\"Logicenters\" \/>\n<meta property=\"article:published_time\" content=\"2019-08-26T07:16:17+00:00\" \/>\n<meta property=\"article:modified_time\" content=\"2019-08-26T07:20:07+00:00\" \/>\n<meta name=\"author\" content=\"Carl Johan Enegren\" \/>\n<meta name=\"twitter:card\" content=\"summary_large_image\" \/>\n<meta name=\"twitter:label1\" content=\"Written by\" \/>\n\t<meta name=\"twitter:data1\" content=\"Carl Johan Enegren\" \/>\n\t<meta name=\"twitter:label2\" content=\"Est. reading time\" \/>\n\t<meta name=\"twitter:data2\" content=\"1 minute\" \/>\n<script type=\"application\/ld+json\" class=\"yoast-schema-graph\">{\"@context\":\"https:\/\/schema.org\",\"@graph\":[{\"@type\":\"Article\",\"@id\":\"https:\/\/logicenters.sultandev.se\/da\/logicenters-rekrutterer-tung-logistikprofil\/#article\",\"isPartOf\":{\"@id\":\"https:\/\/logicenters.sultandev.se\/da\/logicenters-rekrutterer-tung-logistikprofil\/\"},\"author\":{\"name\":\"Carl Johan Enegren\",\"@id\":\"https:\/\/logicenters.sultandev.se\/#\/schema\/person\/0ab313a7d5ee6a5c3b04507de59ce5a8\"},\"headline\":\"Logicenters rekrutterer tung logistikprofil\",\"datePublished\":\"2019-08-26T07:16:17+00:00\",\"dateModified\":\"2019-08-26T07:20:07+00:00\",\"mainEntityOfPage\":{\"@id\":\"https:\/\/logicenters.sultandev.se\/da\/logicenters-rekrutterer-tung-logistikprofil\/\"},\"wordCount\":303,\"publisher\":{\"@id\":\"https:\/\/logicenters.sultandev.se\/#organization\"},\"articleSection\":[\"Danmark\",\"News\",\"Press\"],\"inLanguage\":\"da-DK\"},{\"@type\":\"WebPage\",\"@id\":\"https:\/\/logicenters.sultandev.se\/da\/logicenters-rekrutterer-tung-logistikprofil\/\",\"url\":\"https:\/\/logicenters.sultandev.se\/da\/logicenters-rekrutterer-tung-logistikprofil\/\",\"name\":\"Logicenters rekrutterer tung logistikprofil &#8211; Logicenters\",\"isPartOf\":{\"@id\":\"https:\/\/logicenters.sultandev.se\/#website\"},\"datePublished\":\"2019-08-26T07:16:17+00:00\",\"dateModified\":\"2019-08-26T07:20:07+00:00\",\"breadcrumb\":{\"@id\":\"https:\/\/logicenters.sultandev.se\/da\/logicenters-rekrutterer-tung-logistikprofil\/#breadcrumb\"},\"inLanguage\":\"da-DK\",\"potentialAction\":[{\"@type\":\"ReadAction\",\"target\":[\"https:\/\/logicenters.sultandev.se\/da\/logicenters-rekrutterer-tung-logistikprofil\/\"]}]},{\"@type\":\"BreadcrumbList\",\"@id\":\"https:\/\/logicenters.sultandev.se\/da\/logicenters-rekrutterer-tung-logistikprofil\/#breadcrumb\",\"itemListElement\":[{\"@type\":\"ListItem\",\"position\":1,\"name\":\"Home\",\"item\":\"https:\/\/www.logicenters.sultandev.se\/da\/\"},{\"@type\":\"ListItem\",\"position\":2,\"name\":\"Logicenters rekrutterer tung logistikprofil\"}]},{\"@type\":\"WebSite\",\"@id\":\"https:\/\/logicenters.sultandev.se\/#website\",\"url\":\"https:\/\/logicenters.sultandev.se\/\",\"name\":\"Logicenters\",\"description\":\"The leader of modern logistics properties in the nordics\",\"publisher\":{\"@id\":\"https:\/\/logicenters.sultandev.se\/#organization\"},\"potentialAction\":[{\"@type\":\"SearchAction\",\"target\":{\"@type\":\"EntryPoint\",\"urlTemplate\":\"https:\/\/logicenters.sultandev.se\/?s={search_term_string}\"},\"query-input\":{\"@type\":\"PropertyValueSpecification\",\"valueRequired\":true,\"valueName\":\"search_term_string\"}}],\"inLanguage\":\"da-DK\"},{\"@type\":\"Organization\",\"@id\":\"https:\/\/logicenters.sultandev.se\/#organization\",\"name\":\"Logicenters\",\"url\":\"https:\/\/logicenters.sultandev.se\/\",\"logo\":{\"@type\":\"ImageObject\",\"inLanguage\":\"da-DK\",\"@id\":\"https:\/\/logicenters.sultandev.se\/#\/schema\/logo\/image\/\",\"url\":\"https:\/\/logicenters.sultandev.se\/uploads\/2024\/10\/LOGGA.png\",\"contentUrl\":\"https:\/\/logicenters.sultandev.se\/uploads\/2024\/10\/LOGGA.png\",\"width\":600,\"height\":74,\"caption\":\"Logicenters\"},\"image\":{\"@id\":\"https:\/\/logicenters.sultandev.se\/#\/schema\/logo\/image\/\"},\"sameAs\":[\"https:\/\/www.linkedin.com\/company\/logicenters\/yoast\"]},{\"@type\":\"Person\",\"@id\":\"https:\/\/logicenters.sultandev.se\/#\/schema\/person\/0ab313a7d5ee6a5c3b04507de59ce5a8\",\"name\":\"Carl Johan Enegren\"}]}<\/script>\n<!-- \/ Yoast SEO plugin. -->","yoast_head_json":{"title":"Logicenters rekrutterer tung logistikprofil &#8211; Logicenters","robots":{"index":"noindex","follow":"follow","max-snippet":"max-snippet:-1","max-image-preview":"max-image-preview:large","max-video-preview":"max-video-preview:-1"},"og_locale":"da_DK","og_type":"article","og_title":"Logicenters rekrutterer tung logistikprofil &#8211; Logicenters","og_description":"Nu styrker Logicenters holdet for at st\u00f8tte fortsat v\u00e6kst. Thomas Petersen slutter sig til det danske...","og_url":"https:\/\/logicenters.sultandev.se\/da\/logicenters-rekrutterer-tung-logistikprofil\/","og_site_name":"Logicenters","article_published_time":"2019-08-26T07:16:17+00:00","article_modified_time":"2019-08-26T07:20:07+00:00","author":"Carl Johan Enegren","twitter_card":"summary_large_image","twitter_misc":{"Written by":"Carl Johan Enegren","Est. reading time":"1 minute"},"schema":{"@context":"https:\/\/schema.org","@graph":[{"@type":"Article","@id":"https:\/\/logicenters.sultandev.se\/da\/logicenters-rekrutterer-tung-logistikprofil\/#article","isPartOf":{"@id":"https:\/\/logicenters.sultandev.se\/da\/logicenters-rekrutterer-tung-logistikprofil\/"},"author":{"name":"Carl Johan Enegren","@id":"https:\/\/logicenters.sultandev.se\/#\/schema\/person\/0ab313a7d5ee6a5c3b04507de59ce5a8"},"headline":"Logicenters rekrutterer tung logistikprofil","datePublished":"2019-08-26T07:16:17+00:00","dateModified":"2019-08-26T07:20:07+00:00","mainEntityOfPage":{"@id":"https:\/\/logicenters.sultandev.se\/da\/logicenters-rekrutterer-tung-logistikprofil\/"},"wordCount":303,"publisher":{"@id":"https:\/\/logicenters.sultandev.se\/#organization"},"articleSection":["Danmark","News","Press"],"inLanguage":"da-DK"},{"@type":"WebPage","@id":"https:\/\/logicenters.sultandev.se\/da\/logicenters-rekrutterer-tung-logistikprofil\/","url":"https:\/\/logicenters.sultandev.se\/da\/logicenters-rekrutterer-tung-logistikprofil\/","name":"Logicenters rekrutterer tung logistikprofil &#8211; Logicenters","isPartOf":{"@id":"https:\/\/logicenters.sultandev.se\/#website"},"datePublished":"2019-08-26T07:16:17+00:00","dateModified":"2019-08-26T07:20:07+00:00","breadcrumb":{"@id":"https:\/\/logicenters.sultandev.se\/da\/logicenters-rekrutterer-tung-logistikprofil\/#breadcrumb"},"inLanguage":"da-DK","potentialAction":[{"@type":"ReadAction","target":["https:\/\/logicenters.sultandev.se\/da\/logicenters-rekrutterer-tung-logistikprofil\/"]}]},{"@type":"BreadcrumbList","@id":"https:\/\/logicenters.sultandev.se\/da\/logicenters-rekrutterer-tung-logistikprofil\/#breadcrumb","itemListElement":[{"@type":"ListItem","position":1,"name":"Home","item":"https:\/\/www.logicenters.sultandev.se\/da\/"},{"@type":"ListItem","position":2,"name":"Logicenters rekrutterer tung logistikprofil"}]},{"@type":"WebSite","@id":"https:\/\/logicenters.sultandev.se\/#website","url":"https:\/\/logicenters.sultandev.se\/","name":"Logicenters","description":"The leader of modern logistics properties in the nordics","publisher":{"@id":"https:\/\/logicenters.sultandev.se\/#organization"},"potentialAction":[{"@type":"SearchAction","target":{"@type":"EntryPoint","urlTemplate":"https:\/\/logicenters.sultandev.se\/?s={search_term_string}"},"query-input":{"@type":"PropertyValueSpecification","valueRequired":true,"valueName":"search_term_string"}}],"inLanguage":"da-DK"},{"@type":"Organization","@id":"https:\/\/logicenters.sultandev.se\/#organization","name":"Logicenters","url":"https:\/\/logicenters.sultandev.se\/","logo":{"@type":"ImageObject","inLanguage":"da-DK","@id":"https:\/\/logicenters.sultandev.se\/#\/schema\/logo\/image\/","url":"https:\/\/logicenters.sultandev.se\/uploads\/2024\/10\/LOGGA.png","contentUrl":"https:\/\/logicenters.sultandev.se\/uploads\/2024\/10\/LOGGA.png","width":600,"height":74,"caption":"Logicenters"},"image":{"@id":"https:\/\/logicenters.sultandev.se\/#\/schema\/logo\/image\/"},"sameAs":["https:\/\/www.linkedin.com\/company\/logicenters\/yoast"]},{"@type":"Person","@id":"https:\/\/logicenters.sultandev.se\/#\/schema\/person\/0ab313a7d5ee6a5c3b04507de59ce5a8","name":"Carl Johan Enegren"}]}},"_links":{"self":[{"href":"https:\/\/logicenters.sultandev.se\/da\/wp-json\/wp\/v2\/posts\/12654","targetHints":{"allow":["GET"]}}],"collection":[{"href":"https:\/\/logicenters.sultandev.se\/da\/wp-json\/wp\/v2\/posts"}],"about":[{"href":"https:\/\/logicenters.sultandev.se\/da\/wp-json\/wp\/v2\/types\/post"}],"author":[{"embeddable":true,"href":"https:\/\/logicenters.sultandev.se\/da\/wp-json\/wp\/v2\/users\/4"}],"replies":[{"embeddable":true,"href":"https:\/\/logicenters.sultandev.se\/da\/wp-json\/wp\/v2\/comments?post=12654"}],"version-history":[{"count":2,"href":"https:\/\/logicenters.sultandev.se\/da\/wp-json\/wp\/v2\/posts\/12654\/revisions"}],"predecessor-version":[{"id":12657,"href":"https:\/\/logicenters.sultandev.se\/da\/wp-json\/wp\/v2\/posts\/12654\/revisions\/12657"}],"wp:attachment":[{"href":"https:\/\/logicenters.sultandev.se\/da\/wp-json\/wp\/v2\/media?parent=12654"}],"wp:term":[{"taxonomy":"category","embeddable":true,"href":"https:\/\/logicenters.sultandev.se\/da\/wp-json\/wp\/v2\/categories?post=12654"},{"taxonomy":"post_tag","embeddable":true,"href":"https:\/\/logicenters.sultandev.se\/da\/wp-json\/wp\/v2\/tags?post=12654"}],"curies":[{"name":"wp","href":"https:\/\/api.w.org\/{rel}","templated":true}]}}